{"id":873,"date":"2024-06-29T15:45:59","date_gmt":"2024-06-29T12:45:59","guid":{"rendered":"https:\/\/baytutumlu.com\/?p=873"},"modified":"2024-06-29T15:46:00","modified_gmt":"2024-06-29T12:46:00","slug":"haziran-2024-sonu-portfoy-durumu","status":"publish","type":"post","link":"https:\/\/baytutumlu.com\/index.php\/2024\/06\/29\/haziran-2024-sonu-portfoy-durumu\/","title":{"rendered":"Haziran 2024 Sonu Portf\u00f6y Durumu"},"content":{"rendered":"\n<p>Herkese selamlar.<\/p>\n\n\n\n<p>Bir ay\u0131n daha sonuna geldik. Finansal \u00f6zg\u00fcrl\u00fck amac\u0131yla yat\u0131r\u0131ma ba\u015flayal\u0131 72 ay, hedefime ula\u015fal\u0131 ise 9 ay olmu\u015f. Dile kolay tam 6 y\u0131l! Bu yola girerken bu kadar k\u0131sa s\u00fcrede yolun yar\u0131s\u0131n\u0131 bile alaca\u011f\u0131m\u0131 d\u00fc\u015f\u00fcnm\u00fcyordum. 6 y\u0131l \u00f6nceki kendime bak\u0131yorum bir de \u015fimdiki hayat\u0131m\u0131za. Ve \u015fa\u015f\u0131r\u0131yorum, bir insan 6 y\u0131lda nas\u0131l bu kadar de\u011fi\u015febilir diye. Be\u015finci y\u0131l portf\u00f6y durumu <a href=\"https:\/\/baytutumlu.com\/index.php\/2023\/07\/02\/haziran-2023-sonu-portfoy-durumu\/\" target=\"_blank\" rel=\"noopener\" title=\"\">yaz\u0131s\u0131nda<\/a> ge\u00e7ti\u011fimiz 5 y\u0131l\u0131n bir \u00f6zetini payla\u015fm\u0131\u015ft\u0131m. Bu yaz\u0131da tekrara girmemek ad\u0131na sadece son 1 y\u0131l\u0131n geli\u015fmelerini \u00f6zetleyece\u011fim. \u00d6yleyse ba\u015flayal\u0131m.<\/p>\n\n\n\n<p>Ge\u00e7ti\u011fimiz y\u0131l may\u0131s ay\u0131nda yap\u0131lan genel se\u00e7imlerden sonra rasyonel politikalara ge\u00e7mi\u015ftik. Tabi ilk etapta d\u00fc\u015f\u00fck faiz ve y\u00fcksek enflasyonla ge\u00e7en 3 y\u0131l\u0131n yaralar\u0131n\u0131 sarmak kolay olmad\u0131. Hala daha ekonomi y\u00f6netimi, t\u00fcketim ve ucuz krediye al\u0131\u015fm\u0131\u015f halk\u0131n talebini k\u0131smakta zorlan\u0131yor. Tabi elinde birikim olmay\u0131p sadece maa\u015f gelirine mahkum olan geni\u015f bir kesim de mevcut. Genellikle asgari \u00fccretle \u00e7al\u0131\u015fan bu topluluk a\u015f\u0131r\u0131 gelir kayb\u0131na u\u011frad\u0131 ve refah\u0131 azald\u0131. \u00d6te yandan ellerinde menkul ve gayrimenkul birikimi olanlar ise servetlerini daha art\u0131rd\u0131lar. Dolay\u0131s\u0131yla ge\u00e7ti\u011fimiz 3-4 y\u0131l gelir e\u015fitli\u011finin dibe vurdu\u011fu bir d\u00f6nem oldu.<\/p>\n\n\n\n<p>Son 1 y\u0131ll\u0131k s\u00fcre\u00e7te bu tersine d\u00f6nd\u00fcr\u00fclmeye \u00e7al\u0131\u015f\u0131lsa da para politikas\u0131 \u00f6nlemleri, maliye politikas\u0131yla yeterince desteklenmedi. B\u00fct\u00e7e a\u00e7\u0131klar\u0131 yeni ve artan vergilerle finanse edilmeye devam ediyor. \u00d6n\u00fcm\u00fczdeki s\u00fcre\u00e7te 2024&#8217;\u00fcn ikinci yar\u0131s\u0131n\u0131n bir dezenflasyon s\u00fcrecine sahne olmas\u0131 ve al\u0131m g\u00fcc\u00fcn\u00fcn d\u00fczelmesiyle halk\u0131n biraz olsun nefes almas\u0131 hedefleniyor.<\/p>\n\n\n\n<p>Bu 1 y\u0131ll\u0131k s\u00fcre\u00e7te ki\u015fisel hayat\u0131m\u0131za bakacak olursak pek fazla bir de\u011fi\u015fiklik olmad\u0131. Ge\u00e7ti\u011fimiz y\u0131ldan beri aile olarak i\u015f ve \u00f6zel hayat dengesini sa\u011flamaya \u00e7al\u0131\u015ft\u0131k. 4 adet yurt d\u0131\u015f\u0131, 2 adet ise yurt i\u00e7i gezisi yapt\u0131k. 2023&#8217;\u00fcn \u00fc\u00e7\u00fcnc\u00fc \u00e7eyre\u011finde bir \u00e7ekme karavan sat\u0131n ald\u0131k ve ilk turumuzu ger\u00e7ekle\u015ftirdik. E\u015fim \u015fu an i\u015f hayat\u0131na devam etti\u011fi i\u00e7in gezileri onun tatil d\u00f6nemlerine denk getirmeye \u00e7al\u0131\u015f\u0131yoruz. Onun d\u0131\u015f\u0131nda k\u0131z\u0131mla bol bol vakit ge\u00e7irdik. Parkta oynad\u0131k, k\u00fct\u00fcphaneye, oyun grubuna gittik. Bu y\u0131l resmi olarak anaokuluna ba\u015flayacak ve daha az vakit ge\u00e7irebilece\u011fiz. Bunun hakk\u0131nda da bir tweet payla\u015fm\u0131\u015ft\u0131m:) Sosyal geli\u015fimine \u00e7ok \u00f6nem verdi\u011fimiz i\u00e7in erken ya\u015ftan ba\u015flatmak istedik.<\/p>\n\n\n\n<figure class=\"wp-block-embed aligncenter is-type-rich is-provider-twitter wp-block-embed-twitter\"><div class=\"wp-block-embed__wrapper\">\n<blockquote class=\"twitter-tweet\" data-width=\"500\" data-dnt=\"true\"><p lang=\"tr\" dir=\"ltr\">3 y\u0131l \u00f6nce \u00e7ocuksuz bay tutumlu:<br>\u0130lerde \u00e7ocu\u011fumu hayatta \u00f6zel okula g\u00f6ndermem, hayat\u0131 \u00f6\u011frensin. Onun i\u00e7in yerine hisse biriktiririm 18 ya\u015f\u0131ndan \u00f6nce finansal \u00f6zg\u00fcr olur.<br><br>3 y\u0131l sonra e\u015fimle konu\u015fuyoruz:<br>Yak\u0131nda \u00e7ok iyi bir montessori okulu varm\u0131\u015f, hafta i\u00e7i g\u00f6r\u00fc\u015felim mi ne\u2026 <a href=\"https:\/\/t.co\/2ZGlGjktFQ\">pic.twitter.com\/2ZGlGjktFQ<\/a><\/p>&mdash; Bay Tutumlu (@BayTutumlu) <a href=\"https:\/\/twitter.com\/BayTutumlu\/status\/1751164079610196193?ref_src=twsrc%5Etfw\">January 27, 2024<\/a><\/blockquote><script async src=\"https:\/\/platform.twitter.com\/widgets.js\" charset=\"utf-8\"><\/script>\n<\/div><\/figure>\n\n\n\n<p>Ki\u015fisel hayat\u0131mda da \u00fcretim ve t\u00fcketimi dengede tutmaya \u00e7al\u0131\u015ft\u0131\u011f\u0131m bir y\u0131l oldu. Art\u0131k tam zamanl\u0131 bir i\u015fte \u00e7al\u0131\u015fmad\u0131\u011f\u0131m i\u00e7in zaman\u0131m\u0131 kendim y\u00f6netebiliyorum. Tabi burada iki ucu keskin bir b\u0131\u00e7ak s\u00f6z konusu. T\u00fcm zaman\u0131n\u0131z\u0131 bo\u015f ve faydas\u0131z \u015feylerle de ge\u00e7irebilirsiniz. Ben burada da disiplini elden b\u0131rakmadan haftal\u0131k bir plan olu\u015fturmaya \u00e7al\u0131\u015f\u0131yorum. Her saat dakikas\u0131 dakikas\u0131na kay\u0131tl\u0131 de\u011fil tabi ama mesela sal\u0131 g\u00fcn\u00fc \u00f6\u011fleden sonra ne yapaca\u011f\u0131m diye oturup d\u00fc\u015f\u00fcnmek zorunda kalm\u0131yorum. Bu, hem zaman\u0131m\u0131n bo\u015f ge\u00e7mesini engelliyor, hem de \u00fcretkenli\u011fimi art\u0131rabiliyorum.<\/p>\n\n\n\n<p>\u015eu anda hem Midas platformunda makaleler payla\u015f\u0131yorum hem de blog taraf\u0131n\u0131 bo\u015f ge\u00e7meden i\u00e7erik \u00fcretmeye devam ediyorum. \u00d6n\u00fcm\u00fczdeki s\u00fcre\u00e7te Midas podcast \u00fczerinde sevgili \u0130lker(@<a href=\"https:\/\/x.com\/borsadabibasina\" target=\"_blank\" rel=\"noopener\" title=\"\">borsadabibasina<\/a>) ile yeni bir seriye ba\u015fl\u0131yoruz. &#8220;Finansal \u00d6zg\u00fcrl\u00fck Kul\u00fcb\u00fc&#8221; ad\u0131n\u0131 verdi\u011fimiz bu seride her ay bir b\u00f6l\u00fcm olacak \u015fekilde bahsetmekten keyif ald\u0131\u011f\u0131m\u0131z konular hakk\u0131nda konu\u015faca\u011f\u0131z. \u0130lk b\u00f6l\u00fcm linkini payla\u015f\u0131yorum. Umar\u0131m be\u011fenirsiniz:)<\/p>\n\n\n\n<figure class=\"wp-block-embed is-type-rich is-provider-spotify wp-block-embed-spotify wp-embed-aspect-21-9 wp-has-aspect-ratio\"><div class=\"wp-block-embed__wrapper\">\n<iframe title=\"Spotify Embed: \u0130htiya\u00e7lar hiyerar\u015fisi! | Finansal \u00d6zg\u00fcrl\u00fck Kul\u00fcb\u00fc #1\" style=\"border-radius: 12px\" width=\"100%\" height=\"152\" frameborder=\"0\" allowfullscreen allow=\"autoplay; clipboard-write; encrypted-media; fullscreen; picture-in-picture\" loading=\"lazy\" src=\"https:\/\/open.spotify.com\/embed\/episode\/4oWJXTg9YPHd6baeGfyFgu?si=e96d263ccf4441e5&#038;utm_source=oembed\"><\/iframe>\n<\/div><\/figure>\n\n\n\n<p>Laf\u0131 \u00e7ok fazla uzatt\u0131\u011f\u0131m\u0131n fark\u0131nday\u0131m. \u0130sterseniz vakit kaybetmeden globalde ve \u00fclkemizde neler olmu\u015f k\u0131saca bakal\u0131m. <\/p>\n\n\n\n<p>Bu ay FED beklentilere paralel \u015fekilde faizi de\u011fi\u015ftirmedi ve %5.25-5.5 aral\u0131\u011f\u0131nda sabit tuttu. FED&#8217;in ilk indirimi ne zaman yapaca\u011f\u0131 belirsizli\u011fini korusa da \u015fu anda piyasada 2024&#8217;te 25 puanl\u0131k tek faiz indirimi fiyatlanmaya devam ediyor. ECB taraf\u0131nda ise ilk faiz indirimi ger\u00e7ekle\u015fti ve g\u00f6sterge faiz 25 puan inerek %3.75 seviyesinde ger\u00e7ekle\u015fti. Avrupa Merkez bankas\u0131n\u0131n faiz indirimlerine erken ba\u015flamas\u0131 ilk etapta euro\/dolar\u0131 1.10 seviyesine kadar y\u00fckseltse de g\u00fcncel durumda 1.07 seviyesinden fiyatlan\u0131yor. <\/p>\n\n\n\n<p>Yurt i\u00e7ine gelecek olursak may\u0131s ay\u0131nda enflasyon ayl\u0131k %3.37, y\u0131ll\u0131k ise %75.45 ile beklentilere paralel ger\u00e7ekle\u015fti. May\u0131s sonu itibariyle zirveyi g\u00f6ren y\u0131ll\u0131k enflasyonun \u00f6nce baz etkisiyle ard\u0131ndan da reel olarak d\u00fc\u015f\u00fc\u015fe ge\u00e7erek y\u0131l sonunda %40-45 aral\u0131\u011f\u0131na gelmesi bekleniyor. TCMB bu ay da politika faizini %50 seviyesinde sabit tuttu. Y\u0131l sonu beklentileri de %38 orta nokta seviyesinde korunmaya devam ediyor. Haziran ay\u0131nda swap hari\u00e7 net rezervlerin artmaya devam etti\u011fine \u015fahit olduk. Dolar\/TL ise s\u0131n\u0131rl\u0131 y\u00fckselerek ekonomi y\u00f6netiminin beklentilerine uygun hareket ediyor. <\/p>\n\n\n\n<p>Ki\u015fisel portf\u00f6y\u00fcme gelecek olursak, bu ay portf\u00f6yde hi\u00e7 de\u011fi\u015fiklik yapmad\u0131m. Ge\u00e7ti\u011fimiz ay T\u00fcpra\u015f azalt\u0131p Tofa\u015f Oto eklemesi yapm\u0131\u015ft\u0131m. Bu pozisyon de\u011fi\u015fimi pozitif getiri yaratmaya devam etti. T\u00fcpra\u015f taraf\u0131nda marjlar darald\u0131 ve ortalamalara geriledi. Tofa\u015f&#8217;ta ise Rekabet kurumunun karar\u0131n\u0131 bekliyoruz. S\u00fcrecin k\u0131sa s\u00fcrede bitece\u011fini d\u00fc\u015f\u00fcn\u00fcyorum. Haziran ay\u0131nda Vakko Tekstil&#8217;den temett\u00fclerimizi ald\u0131k. Bunun d\u0131\u015f\u0131nda Tuborg nihayet temett\u00fc karar\u0131n\u0131 a\u00e7\u0131klad\u0131. %95&#8217;in \u00fczerinde da\u011f\u0131t\u0131m oran\u0131yla hisse ba\u015f\u0131na 3 TL&#8217;nin \u00fczerinde bir temett\u00fc ile yat\u0131r\u0131mc\u0131lar\u0131n\u0131 memnun etmeyi ba\u015fard\u0131lar.<\/p>\n\n\n\n<figure class=\"wp-block-embed aligncenter is-type-rich is-provider-twitter wp-block-embed-twitter\"><div class=\"wp-block-embed__wrapper\">\n<blockquote class=\"twitter-tweet\" data-width=\"500\" data-dnt=\"true\"><p lang=\"tr\" dir=\"ltr\"><a href=\"https:\/\/twitter.com\/hashtag\/TBORG?src=hash&amp;ref_src=twsrc%5Etfw\">#TBORG<\/a> 2023 kar\u0131ndan %96 da\u011f\u0131t\u0131m oran\u0131yla 990 milyon TL temett\u00fc da\u011f\u0131tma karar\u0131 ald\u0131. Hisse ba\u015f\u0131na br\u00fct 3.41 TL, net 3.07 TL temett\u00fc da\u011f\u0131t\u0131lacak. \u00d6deme tarihi 8 a\u011fustos, t\u00fcm payda\u015flara hay\u0131rl\u0131 olsun:) <a href=\"https:\/\/t.co\/WH83rTqQH3\">pic.twitter.com\/WH83rTqQH3<\/a><\/p>&mdash; Bay Tutumlu (@BayTutumlu) <a href=\"https:\/\/twitter.com\/BayTutumlu\/status\/1805988600485446141?ref_src=twsrc%5Etfw\">June 26, 2024<\/a><\/blockquote><script async src=\"https:\/\/platform.twitter.com\/widgets.js\" charset=\"utf-8\"><\/script>\n<\/div><\/figure>\n\n\n\n<p>G\u00fcncel portf\u00f6y durumu bu \u015fekildedir. Portf\u00f6y\u00fcn en y\u00fcksek pay\u0131 \u0130\u015f Yat\u0131r\u0131m Menkul De\u011ferler olmaya devam ediyor. Ay i\u00e7inde borsaya i\u015flem vergisi beklentisi olmu\u015ftu. Bu karar \u00f6nce ertelendi sonras\u0131nda ise taslaktan \u00e7\u0131kart\u0131ld\u0131. Yine de yaz d\u00f6nemi olmas\u0131n\u0131n da etkisiyle hacimler zay\u0131f seyrediyor. \u00dc\u00e7\u00fcnc\u00fc \u00e7eyrekten itibaren yabanc\u0131n\u0131n da gelmesiyle hacim art\u0131\u015f\u0131 bekliyorum. O zamana kadar di\u011fer hisselerin biraz destek \u00e7\u0131kmas\u0131 gerekecek. <\/p>\n\n\n\n<figure class=\"wp-block-gallery has-nested-images columns-default is-cropped wp-block-gallery-1 is-layout-flex wp-block-gallery-is-layout-flex\">\n<figure class=\"wp-block-image size-large\"><img loading=\"lazy\" decoding=\"async\" width=\"934\" height=\"632\" data-id=\"874\" src=\"https:\/\/i0.wp.com\/baytutumlu.com\/wp-content\/uploads\/2024\/06\/Ekran-Resmi-2024-06-29-14.59.02.png?resize=934%2C632&#038;ssl=1\" alt=\"\" class=\"wp-image-874\" srcset=\"https:\/\/i0.wp.com\/baytutumlu.com\/wp-content\/uploads\/2024\/06\/Ekran-Resmi-2024-06-29-14.59.02.png?w=934&amp;ssl=1 934w, https:\/\/i0.wp.com\/baytutumlu.com\/wp-content\/uploads\/2024\/06\/Ekran-Resmi-2024-06-29-14.59.02.png?resize=300%2C203&amp;ssl=1 300w, https:\/\/i0.wp.com\/baytutumlu.com\/wp-content\/uploads\/2024\/06\/Ekran-Resmi-2024-06-29-14.59.02.png?resize=768%2C520&amp;ssl=1 768w\" sizes=\"auto, (max-width: 934px) 100vw, 934px\" data-recalc-dims=\"1\" \/><\/figure>\n<\/figure>\n\n\n\n<figure class=\"wp-block-gallery has-nested-images columns-default is-cropped wp-block-gallery-2 is-layout-flex wp-block-gallery-is-layout-flex\">\n<figure class=\"wp-block-image size-large\"><img loading=\"lazy\" decoding=\"async\" width=\"1024\" height=\"577\" data-id=\"876\" src=\"https:\/\/i0.wp.com\/baytutumlu.com\/wp-content\/uploads\/2024\/06\/Ekran-Resmi-2024-06-29-14.59.25-1.png?resize=1024%2C577&#038;ssl=1\" alt=\"\" class=\"wp-image-876\" srcset=\"https:\/\/i0.wp.com\/baytutumlu.com\/wp-content\/uploads\/2024\/06\/Ekran-Resmi-2024-06-29-14.59.25-1.png?resize=1024%2C577&amp;ssl=1 1024w, https:\/\/i0.wp.com\/baytutumlu.com\/wp-content\/uploads\/2024\/06\/Ekran-Resmi-2024-06-29-14.59.25-1.png?resize=300%2C169&amp;ssl=1 300w, https:\/\/i0.wp.com\/baytutumlu.com\/wp-content\/uploads\/2024\/06\/Ekran-Resmi-2024-06-29-14.59.25-1.png?resize=768%2C433&amp;ssl=1 768w, https:\/\/i0.wp.com\/baytutumlu.com\/wp-content\/uploads\/2024\/06\/Ekran-Resmi-2024-06-29-14.59.25-1.png?w=1196&amp;ssl=1 1196w\" sizes=\"auto, (max-width: 1000px) 100vw, 1000px\" data-recalc-dims=\"1\" \/><\/figure>\n<\/figure>\n\n\n\n<p>ABD taraf\u0131nda bu ay i\u015flem yapmad\u0131m. Etf&#8217;lerimden SPYG, SCHD ve VOO \u00e7eyreklik temett\u00fclerini a\u00e7\u0131klad\u0131lar. SPYG \u00e7eyreklik 0.1242 $, SCHD 0.8241 $, VOO ise 1.7835 $ temett\u00fc da\u011f\u0131tma karar\u0131 ald\u0131lar. Temett\u00fclerin bir k\u0131sm\u0131 hesaba ge\u00e7ti, bir k\u0131sm\u0131 ise temmuz ba\u015f\u0131nda ge\u00e7ecek. Buradan gelen pasif gelirle yine ayn\u0131 etf&#8217;lerden almay\u0131 planl\u0131yorum.<\/p>\n\n\n\n<figure class=\"wp-block-gallery has-nested-images columns-default is-cropped wp-block-gallery-3 is-layout-flex wp-block-gallery-is-layout-flex\">\n<figure class=\"wp-block-image size-large\"><img loading=\"lazy\" decoding=\"async\" width=\"1000\" height=\"292\" data-id=\"877\" src=\"https:\/\/i0.wp.com\/baytutumlu.com\/wp-content\/uploads\/2024\/06\/Ekran-Resmi-2024-06-29-15.05.35.png?resize=1000%2C292&#038;ssl=1\" alt=\"\" class=\"wp-image-877\" srcset=\"https:\/\/i0.wp.com\/baytutumlu.com\/wp-content\/uploads\/2024\/06\/Ekran-Resmi-2024-06-29-15.05.35.png?w=1000&amp;ssl=1 1000w, https:\/\/i0.wp.com\/baytutumlu.com\/wp-content\/uploads\/2024\/06\/Ekran-Resmi-2024-06-29-15.05.35.png?resize=300%2C88&amp;ssl=1 300w, https:\/\/i0.wp.com\/baytutumlu.com\/wp-content\/uploads\/2024\/06\/Ekran-Resmi-2024-06-29-15.05.35.png?resize=768%2C224&amp;ssl=1 768w\" sizes=\"auto, (max-width: 1000px) 100vw, 1000px\" data-recalc-dims=\"1\" \/><\/figure>\n<\/figure>\n\n\n\n<p>Eurobond taraf\u0131nda aylard\u0131r hi\u00e7bir i\u015flem yapmad\u0131m. Sadece gelen kuponlar\u0131 toplamaya devam ediyorum. Bunlar\u0131n bir k\u0131sm\u0131 yurtd\u0131\u015f\u0131 gezilerimizi finanse ediyor. Finansal \u00f6zg\u00fcrl\u00fck i\u00e7in yat\u0131r\u0131ma ba\u015flamam\u0131n \u00fczerinden ge\u00e7en 5 y\u0131l\u0131n ard\u0131ndan eurobond kuponlar\u0131ndan elde etti\u011fimiz pasif gelirlerle gezebilmek ger\u00e7ekten g\u00fczel hissettiriyor. Haziran ay\u0131nda maalesef hi\u00e7 kupon geliri elde edemedik. <\/p>\n\n\n\n<figure class=\"wp-block-gallery has-nested-images columns-default is-cropped wp-block-gallery-4 is-layout-flex wp-block-gallery-is-layout-flex\">\n<figure class=\"wp-block-image size-large\"><img loading=\"lazy\" decoding=\"async\" width=\"1024\" height=\"467\" data-id=\"878\" src=\"https:\/\/i0.wp.com\/baytutumlu.com\/wp-content\/uploads\/2024\/06\/Ekran-Resmi-2024-06-29-15.07.07.png?resize=1024%2C467&#038;ssl=1\" alt=\"\" class=\"wp-image-878\" srcset=\"https:\/\/i0.wp.com\/baytutumlu.com\/wp-content\/uploads\/2024\/06\/Ekran-Resmi-2024-06-29-15.07.07.png?resize=1024%2C467&amp;ssl=1 1024w, https:\/\/i0.wp.com\/baytutumlu.com\/wp-content\/uploads\/2024\/06\/Ekran-Resmi-2024-06-29-15.07.07.png?resize=300%2C137&amp;ssl=1 300w, https:\/\/i0.wp.com\/baytutumlu.com\/wp-content\/uploads\/2024\/06\/Ekran-Resmi-2024-06-29-15.07.07.png?resize=768%2C350&amp;ssl=1 768w, https:\/\/i0.wp.com\/baytutumlu.com\/wp-content\/uploads\/2024\/06\/Ekran-Resmi-2024-06-29-15.07.07.png?w=1400&amp;ssl=1 1400w\" sizes=\"auto, (max-width: 1000px) 100vw, 1000px\" data-recalc-dims=\"1\" \/><\/figure>\n<\/figure>\n\n\n\n<p>Toparlayacak olursam,<\/p>\n\n\n\n<p>Bu ay toplam portf\u00f6y\u00fcm TL baz\u0131nda %2.34, dolar baz\u0131nda ise %0.50 b\u00fcy\u00fcd\u00fc. Dolar\u0131n s\u0131n\u0131rl\u0131 art\u0131\u015f\u0131yla TL olarak \u00e7ok fazla b\u00fcy\u00fcyemesek de dolar baz\u0131nda g\u00fc\u00e7l\u00fc kalmay\u0131 s\u00fcrd\u00fcrd\u00fck. Finansal \u00f6zg\u00fcrl\u00fck oran\u0131m\u0131z ise %125 seviyesine y\u00fckseldi. 2024 son \u00e7eyre\u011finde hem ABD&#8217;de hem de yerelde faiz indirimlerinin ba\u015flamas\u0131yla \u00f6zellikle geri kalan sanayi \u015firketlerinin hareketlenece\u011fini d\u00fc\u015f\u00fcn\u00fcyorum. \u015eu anda y\u00fcksek faizler reel sekt\u00f6r\u00fc etkiliyor ve bilan\u00e7olar enflasyon muhasebesinin de etkisiyle hi\u00e7 i\u00e7 a\u00e7\u0131c\u0131 de\u011fil. Fakat borsan\u0131n gelece\u011fi fiyatlad\u0131\u011f\u0131n\u0131 da unutmamak gerekiyor. T\u00fcm finansal \u00f6zg\u00fcrl\u00fck yolcular\u0131na bol kazan\u00e7l\u0131 bir y\u0131l dilerim.<\/p>\n\n\n\n<p>Bay Tutumlu<\/p>\n\n\n\n<p><\/p>\n","protected":false},"excerpt":{"rendered":"<p>Herkese selamlar. Bir ay\u0131n daha sonuna geldik. Finansal \u00f6zg\u00fcrl\u00fck amac\u0131yla yat\u0131r\u0131ma ba\u015flayal\u0131 72 ay, hedefime ula\u015fal\u0131 ise 9 ay olmu\u015f. Dile kolay tam 6 y\u0131l!&#8230;<\/p>\n","protected":false},"author":2,"featured_media":881,"comment_status":"open","ping_status":"open","sticky":false,"template":"","format":"standard","meta":{"_monsterinsights_skip_tracking":false,"_monsterinsights_sitenote_active":false,"_monsterinsights_sitenote_note":"","_monsterinsights_sitenote_category":0,"advanced_seo_description":"","jetpack_seo_html_title":"","jetpack_seo_noindex":false,"jetpack_post_was_ever_published":false,"_jetpack_newsletter_access":"","_jetpack_dont_email_post_to_subs":false,"_jetpack_newsletter_tier_id":0,"_jetpack_memberships_contains_paywalled_content":false,"_jetpack_memberships_contains_paid_content":false,"footnotes":"","jetpack_publicize_message":"","jetpack_publicize_feature_enabled":true,"jetpack_social_post_already_shared":true,"jetpack_social_options":{"image_generator_settings":{"template":"highway","enabled":false}}},"categories":[5,8,6,34],"tags":[22,24,25],"class_list":["post-873","post","type-post","status-publish","format-standard","has-post-thumbnail","hentry","category-borsa","category-finansal-ozgurluk","category-fire","category-portfoy","tag-borsa","tag-finansal-ozgurluk","tag-fire","entry","double"],"jetpack_publicize_connections":[],"jetpack_featured_media_url":"https:\/\/i0.wp.com\/baytutumlu.com\/wp-content\/uploads\/2024\/06\/bd873ab9-4cdd-4dfb-b29e-b6e6200015af.jpg?fit=1024%2C1024&ssl=1","jetpack-related-posts":[],"jetpack_sharing_enabled":true,"jetpack_likes_enabled":true,"_links":{"self":[{"href":"https:\/\/baytutumlu.com\/index.php\/wp-json\/wp\/v2\/posts\/873","targetHints":{"allow":["GET"]}}],"collection":[{"href":"https:\/\/baytutumlu.com\/index.php\/wp-json\/wp\/v2\/posts"}],"about":[{"href":"https:\/\/baytutumlu.com\/index.php\/wp-json\/wp\/v2\/types\/post"}],"author":[{"embeddable":true,"href":"https:\/\/baytutumlu.com\/index.php\/wp-json\/wp\/v2\/users\/2"}],"replies":[{"embeddable":true,"href":"https:\/\/baytutumlu.com\/index.php\/wp-json\/wp\/v2\/comments?post=873"}],"version-history":[{"count":2,"href":"https:\/\/baytutumlu.com\/index.php\/wp-json\/wp\/v2\/posts\/873\/revisions"}],"predecessor-version":[{"id":880,"href":"https:\/\/baytutumlu.com\/index.php\/wp-json\/wp\/v2\/posts\/873\/revisions\/880"}],"wp:featuredmedia":[{"embeddable":true,"href":"https:\/\/baytutumlu.com\/index.php\/wp-json\/wp\/v2\/media\/881"}],"wp:attachment":[{"href":"https:\/\/baytutumlu.com\/index.php\/wp-json\/wp\/v2\/media?parent=873"}],"wp:term":[{"taxonomy":"category","embeddable":true,"href":"https:\/\/baytutumlu.com\/index.php\/wp-json\/wp\/v2\/categories?post=873"},{"taxonomy":"post_tag","embeddable":true,"href":"https:\/\/baytutumlu.com\/index.php\/wp-json\/wp\/v2\/tags?post=873"}],"curies":[{"name":"wp","href":"https:\/\/api.w.org\/{rel}","templated":true}]}}