{"id":328,"date":"2022-05-31T21:03:55","date_gmt":"2022-05-31T18:03:55","guid":{"rendered":"https:\/\/baytutumlu.com\/?p=328"},"modified":"2024-06-27T22:18:21","modified_gmt":"2024-06-27T19:18:21","slug":"mayis-2022-sonu-portfoy-durumu","status":"publish","type":"post","link":"https:\/\/baytutumlu.com\/index.php\/2022\/05\/31\/mayis-2022-sonu-portfoy-durumu\/","title":{"rendered":"May\u0131s 2022 Sonu Portf\u00f6y Durumu"},"content":{"rendered":"\n<p class=\"has-medium-font-size\">Herkese selamlar.<\/p>\n\n\n\n<p class=\"has-medium-font-size\">Bir ay\u0131n daha sonuna geldik. Ciddi manada finansal \u00f6zg\u00fcrl\u00fck i\u00e7in yat\u0131r\u0131ma ba\u015flayal\u0131 47 ay olmu\u015f. Bu ay i\u00e7erisinde g\u00fcndemde yine artan enflasyon ve enerji fiyatlar\u0131 vard\u0131. T\u00fcm d\u00fcnyada art\u0131k mutlak bir sorun haline gelen ve merkez bankalar\u0131n\u0131n g\u00f6rmezden gelemedi\u011fi enflasyon ger\u00e7e\u011fi, art\u0131k giderek daha fazla dillendirilen resesyon ihtimallerinin g\u00f6lgesinde bir yaza giri\u015f yap\u0131yoruz. Giderek artan enerji ve petrol fiyatlar\u0131 \u00fclkemizde do\u011falgaz, elektrik ve akaryak\u0131ta zam olarak bize geri d\u00f6n\u00fcyor. Talep de yeteri kadar azalmad\u0131\u011f\u0131nda enflasyonu art\u0131r\u0131c\u0131 etki yap\u0131yor. May\u0131s ay\u0131 itibariyle y\u0131ll\u0131k t\u00fcketici enflasyonu %70&#8217;e ula\u015ft\u0131. Yaz aylar\u0131nda pik yap\u0131p d\u00fc\u015f\u00fc\u015fe ge\u00e7mesi beklense de y\u0131l\u0131 %50&#8217;nin \u00fczerinde kapatma ihtimali her ge\u00e7en g\u00fcn art\u0131yor.<\/p>\n\n\n\n<p class=\"has-medium-font-size\">Portf\u00f6y durumuna gelecek olursak, bu ay hisse senedi portf\u00f6y\u00fcne hi\u00e7 dokunmad\u0131m desem yeridir. Zaten birazdan da anlataca\u011f\u0131m sebeplerle olduk\u00e7a yo\u011fun bir d\u00f6nem ge\u00e7irmeye devam ediyorum. Bu nedenle yat\u0131r\u0131ma harcad\u0131\u011f\u0131m vakit sadece temett\u00fcleri tekrar hisseye d\u00f6n\u00fc\u015ft\u00fcrmek oldu. Bu ay i\u00e7erisinde EGEEN ve ISMEN&#8217;den toplamda 11.256 tl temett\u00fc ald\u0131m.  <\/p>\n\n\n\n<p class=\"has-medium-font-size\">Bu ay ve ge\u00e7en ay hisse senedi al\u0131m\u0131 yapamamam\u0131n nedeni ta\u015f\u0131nma haz\u0131rl\u0131klar\u0131 idi. 2021 y\u0131l sonu raporunda bu y\u0131lki hedeflerimden birinin kurumsal hayat\u0131 b\u0131rak\u0131p kendi i\u015fimi yapmak oldu\u011funu yazm\u0131\u015ft\u0131m. Bu ay 10 y\u0131l\u0131n \u00fczerinde \u00e7al\u0131\u015ft\u0131\u011f\u0131m i\u015fimden ve \u0130stanbul&#8217;dan ayr\u0131larak hayat\u0131mda verdi\u011fim en \u00f6nemli kararlardan birini ger\u00e7ekle\u015ftirdim. Hala olay\u0131n heyecan\u0131n\u0131 ve \u015fokunu atlatamasam da yeni evimize yerle\u015ftik diyebilirim. <\/p>\n\n\n\n<p class=\"has-medium-font-size\">Peki ne i\u015f yapacaks\u0131n dedi\u011finizi duyar gibiyim:) Kafamda yat\u0131r\u0131m ve finansal \u00f6zg\u00fcrl\u00fckle ilgili farkl\u0131 projeler olsa da \u015fimdilik dan\u0131\u015fmanl\u0131k yapmaya devam ediyorum. Bir kuruma ve \u015firkete ba\u011fl\u0131 kalmadan \u00e7al\u0131\u015fman\u0131n keyfi paha bi\u00e7ilemez. Bunu da bana sa\u011flayan kenarda duran birikimim ve her ay pasif gelir sa\u011flayan temett\u00fc ve eurobond kuponlar\u0131 oldu. Yat\u0131r\u0131m olmasayd\u0131 bu cesareti kendimde asla bulamazd\u0131m. Hen\u00fcz aile olarak finansal \u00f6zg\u00fcrl\u00fckten olduk\u00e7a uzak olsak da, vaktimin kendime ait olmas\u0131 bile bir nevi \u00f6zg\u00fcrl\u00fc\u011fe ad\u0131m atmak demek bizim i\u00e7in.<\/p>\n\n\n\n<p class=\"has-medium-font-size\">Kurumsal hayattan ayr\u0131ld\u0131\u011f\u0131m ve art\u0131k \u0130stanbul&#8217;a ba\u011fl\u0131l\u0131\u011f\u0131m\u0131z kalmad\u0131\u011f\u0131 i\u00e7in evimizi bo\u015faltt\u0131k ve T\u00fcrkiye&#8217;nin 3 b\u00fcy\u00fck \u015fehrinin d\u0131\u015f\u0131nda bir \u015fehre ta\u015f\u0131nd\u0131k. E\u015fimin uzaktan \u00e7al\u0131\u015fmas\u0131 ve herhangi bir \u015fehire ba\u011fl\u0131 olmamas\u0131 da i\u015fimizi kolayla\u015ft\u0131rd\u0131. \u015eu anda bir freelancer olarak orman manzaral\u0131 evimizin balkonunda bu yaz\u0131y\u0131 yaz\u0131yor olmak bile inan\u0131lmaz geliyor:) <\/p>\n\n\n\n<p class=\"has-medium-font-size\">G\u00fcncel portf\u00f6y durumu bu \u015fekildedir. Bu ay bahsetti\u011fim yo\u011funluk ve curcuna nedeniyle piyasalara hi\u00e7 bakamad\u0131m. Bundan sonra vaktim biraz daha kendime ait olaca\u011f\u0131 i\u00e7in blog yaz\u0131lar\u0131n\u0131 art\u0131rmay\u0131 d\u00fc\u015f\u00fcn\u00fcyorum.<\/p>\n\n\n\n<figure class=\"wp-block-image size-large\"><img loading=\"lazy\" decoding=\"async\" width=\"1024\" height=\"373\" src=\"https:\/\/i0.wp.com\/baytutumlu.com\/wp-content\/uploads\/2022\/05\/Ekran-Resmi-2022-05-31-20.46.54.png?resize=1024%2C373&#038;ssl=1\" alt=\"\" class=\"wp-image-330\" srcset=\"https:\/\/i0.wp.com\/baytutumlu.com\/wp-content\/uploads\/2022\/05\/Ekran-Resmi-2022-05-31-20.46.54.png?resize=1024%2C373&amp;ssl=1 1024w, https:\/\/i0.wp.com\/baytutumlu.com\/wp-content\/uploads\/2022\/05\/Ekran-Resmi-2022-05-31-20.46.54.png?resize=300%2C109&amp;ssl=1 300w, https:\/\/i0.wp.com\/baytutumlu.com\/wp-content\/uploads\/2022\/05\/Ekran-Resmi-2022-05-31-20.46.54.png?resize=768%2C280&amp;ssl=1 768w, https:\/\/i0.wp.com\/baytutumlu.com\/wp-content\/uploads\/2022\/05\/Ekran-Resmi-2022-05-31-20.46.54.png?resize=1536%2C559&amp;ssl=1 1536w, https:\/\/i0.wp.com\/baytutumlu.com\/wp-content\/uploads\/2022\/05\/Ekran-Resmi-2022-05-31-20.46.54.png?w=1802&amp;ssl=1 1802w\" sizes=\"auto, (max-width: 1000px) 100vw, 1000px\" data-recalc-dims=\"1\" \/><\/figure>\n\n\n\n<figure class=\"wp-block-image size-large\"><img loading=\"lazy\" decoding=\"async\" width=\"1024\" height=\"581\" src=\"https:\/\/i0.wp.com\/baytutumlu.com\/wp-content\/uploads\/2022\/05\/Ekran-Resmi-2022-05-31-20.47.14.png?resize=1024%2C581&#038;ssl=1\" alt=\"\" class=\"wp-image-331\" srcset=\"https:\/\/i0.wp.com\/baytutumlu.com\/wp-content\/uploads\/2022\/05\/Ekran-Resmi-2022-05-31-20.47.14.png?resize=1024%2C581&amp;ssl=1 1024w, https:\/\/i0.wp.com\/baytutumlu.com\/wp-content\/uploads\/2022\/05\/Ekran-Resmi-2022-05-31-20.47.14.png?resize=300%2C170&amp;ssl=1 300w, https:\/\/i0.wp.com\/baytutumlu.com\/wp-content\/uploads\/2022\/05\/Ekran-Resmi-2022-05-31-20.47.14.png?resize=768%2C435&amp;ssl=1 768w, https:\/\/i0.wp.com\/baytutumlu.com\/wp-content\/uploads\/2022\/05\/Ekran-Resmi-2022-05-31-20.47.14.png?w=1372&amp;ssl=1 1372w\" sizes=\"auto, (max-width: 1000px) 100vw, 1000px\" data-recalc-dims=\"1\" \/><\/figure>\n\n\n\n<figure class=\"wp-block-image size-full\"><img loading=\"lazy\" decoding=\"async\" width=\"860\" height=\"636\" src=\"https:\/\/i0.wp.com\/baytutumlu.com\/wp-content\/uploads\/2022\/05\/Ekran-Resmi-2022-05-31-20.47.25.png?resize=860%2C636&#038;ssl=1\" alt=\"\" class=\"wp-image-332\" srcset=\"https:\/\/i0.wp.com\/baytutumlu.com\/wp-content\/uploads\/2022\/05\/Ekran-Resmi-2022-05-31-20.47.25.png?w=860&amp;ssl=1 860w, https:\/\/i0.wp.com\/baytutumlu.com\/wp-content\/uploads\/2022\/05\/Ekran-Resmi-2022-05-31-20.47.25.png?resize=300%2C222&amp;ssl=1 300w, https:\/\/i0.wp.com\/baytutumlu.com\/wp-content\/uploads\/2022\/05\/Ekran-Resmi-2022-05-31-20.47.25.png?resize=768%2C568&amp;ssl=1 768w, https:\/\/i0.wp.com\/baytutumlu.com\/wp-content\/uploads\/2022\/05\/Ekran-Resmi-2022-05-31-20.47.25.png?resize=120%2C90&amp;ssl=1 120w\" sizes=\"auto, (max-width: 860px) 100vw, 860px\" data-recalc-dims=\"1\" \/><\/figure>\n\n\n\n<p class=\"has-medium-font-size\">Eurobond taraf\u0131nda bu ay 2 adet al\u0131m yapt\u0131m. Cds 700&#8217;lerde dola\u015f\u0131yor ve eurobondlar al\u0131m f\u0131rsatlar\u0131 vermeye devam ediyor. Uzun vadede risk primimizin d\u00fc\u015fece\u011fine ve daha iyi bir \u00fclkede ya\u015fayaca\u011f\u0131m\u0131za olan inanc\u0131m devam ediyor. Zaten bu inanc\u0131m olmasa \u00fclkemizin \u015firketlerine yat\u0131r\u0131m yapmazd\u0131m. Bazen eurobondlar\u0131n riskleri hat\u0131rlat\u0131l\u0131yor ve temerr\u00fct endi\u015fesi dile getiriliyor. T\u00fcrkiye her \u015feye ra\u011fmen b\u00fcy\u00fck ve g\u00fc\u00e7l\u00fc bir \u00fclke ve bor\u00e7lar\u0131n\u0131 \u00f6deyemeyecek bir duruma gelece\u011fine ihtimal vermiyorum. Bu ay ayr\u0131ca 428.75 usd kupon geliri elde ederek ayl\u0131k bazda en y\u00fcksek rakama ula\u015ft\u0131m.<\/p>\n\n\n\n<figure class=\"wp-block-image size-large\"><img loading=\"lazy\" decoding=\"async\" width=\"1024\" height=\"718\" src=\"https:\/\/i0.wp.com\/baytutumlu.com\/wp-content\/uploads\/2022\/05\/Ekran-Resmi-2022-05-31-20.47.36.png?resize=1024%2C718&#038;ssl=1\" alt=\"\" class=\"wp-image-334\" srcset=\"https:\/\/i0.wp.com\/baytutumlu.com\/wp-content\/uploads\/2022\/05\/Ekran-Resmi-2022-05-31-20.47.36.png?resize=1024%2C718&amp;ssl=1 1024w, https:\/\/i0.wp.com\/baytutumlu.com\/wp-content\/uploads\/2022\/05\/Ekran-Resmi-2022-05-31-20.47.36.png?resize=300%2C210&amp;ssl=1 300w, https:\/\/i0.wp.com\/baytutumlu.com\/wp-content\/uploads\/2022\/05\/Ekran-Resmi-2022-05-31-20.47.36.png?resize=768%2C539&amp;ssl=1 768w, https:\/\/i0.wp.com\/baytutumlu.com\/wp-content\/uploads\/2022\/05\/Ekran-Resmi-2022-05-31-20.47.36.png?w=1106&amp;ssl=1 1106w\" sizes=\"auto, (max-width: 1000px) 100vw, 1000px\" data-recalc-dims=\"1\" \/><\/figure>\n\n\n\n<figure class=\"wp-block-image size-full\"><img loading=\"lazy\" decoding=\"async\" width=\"856\" height=\"632\" src=\"https:\/\/i0.wp.com\/baytutumlu.com\/wp-content\/uploads\/2022\/05\/Ekran-Resmi-2022-05-31-20.47.47.png?resize=856%2C632&#038;ssl=1\" alt=\"\" class=\"wp-image-335\" srcset=\"https:\/\/i0.wp.com\/baytutumlu.com\/wp-content\/uploads\/2022\/05\/Ekran-Resmi-2022-05-31-20.47.47.png?w=856&amp;ssl=1 856w, https:\/\/i0.wp.com\/baytutumlu.com\/wp-content\/uploads\/2022\/05\/Ekran-Resmi-2022-05-31-20.47.47.png?resize=300%2C221&amp;ssl=1 300w, https:\/\/i0.wp.com\/baytutumlu.com\/wp-content\/uploads\/2022\/05\/Ekran-Resmi-2022-05-31-20.47.47.png?resize=768%2C567&amp;ssl=1 768w, https:\/\/i0.wp.com\/baytutumlu.com\/wp-content\/uploads\/2022\/05\/Ekran-Resmi-2022-05-31-20.47.47.png?resize=120%2C90&amp;ssl=1 120w\" sizes=\"auto, (max-width: 856px) 100vw, 856px\" data-recalc-dims=\"1\" \/><\/figure>\n\n\n\n<p class=\"has-medium-font-size\">G\u00fcncel pasif gelir ve portf\u00f6y durumu bu \u015fekildedir. Bu ay toplam portf\u00f6y\u00fcm tl baz\u0131nda %4.92 b\u00fcy\u00fcrken, dolar\u0131n h\u0131zl\u0131 de\u011fer kazanc\u0131yla usd baz\u0131nda %5.05 k\u00fc\u00e7\u00fcld\u00fc ve 3.131 mn tl&#8217;ye ula\u015ft\u0131. <\/p>\n\n\n\n<p class=\"has-medium-font-size\">Okudu\u011funuz i\u00e7in te\u015fekk\u00fcr ederim.<\/p>\n\n\n\n<p class=\"has-medium-font-size\">Bay Tutumlu<\/p>\n\n\n\n<div class=\"wp-block-image\"><figure class=\"aligncenter size-large\"><img loading=\"lazy\" decoding=\"async\" width=\"1024\" height=\"574\" src=\"https:\/\/i0.wp.com\/baytutumlu.com\/wp-content\/uploads\/2022\/06\/Ekran-Resmi-2022-06-01-07.07.25.png?resize=1024%2C574&#038;ssl=1\" alt=\"\" class=\"wp-image-339\" srcset=\"https:\/\/i0.wp.com\/baytutumlu.com\/wp-content\/uploads\/2022\/06\/Ekran-Resmi-2022-06-01-07.07.25.png?resize=1024%2C574&amp;ssl=1 1024w, https:\/\/i0.wp.com\/baytutumlu.com\/wp-content\/uploads\/2022\/06\/Ekran-Resmi-2022-06-01-07.07.25.png?resize=300%2C168&amp;ssl=1 300w, https:\/\/i0.wp.com\/baytutumlu.com\/wp-content\/uploads\/2022\/06\/Ekran-Resmi-2022-06-01-07.07.25.png?resize=768%2C431&amp;ssl=1 768w, https:\/\/i0.wp.com\/baytutumlu.com\/wp-content\/uploads\/2022\/06\/Ekran-Resmi-2022-06-01-07.07.25.png?resize=1536%2C862&amp;ssl=1 1536w, https:\/\/i0.wp.com\/baytutumlu.com\/wp-content\/uploads\/2022\/06\/Ekran-Resmi-2022-06-01-07.07.25.png?resize=2048%2C1149&amp;ssl=1 2048w, https:\/\/i0.wp.com\/baytutumlu.com\/wp-content\/uploads\/2022\/06\/Ekran-Resmi-2022-06-01-07.07.25.png?resize=540%2C304&amp;ssl=1 540w\" sizes=\"auto, (max-width: 1000px) 100vw, 1000px\" data-recalc-dims=\"1\" \/><\/figure><\/div>\n\n\n\n<div class=\"wp-block-image\"><figure class=\"aligncenter size-full\"><img loading=\"lazy\" decoding=\"async\" width=\"454\" height=\"776\" src=\"https:\/\/i0.wp.com\/baytutumlu.com\/wp-content\/uploads\/2022\/06\/Ekran-Resmi-2022-06-01-07.07.39.png?resize=454%2C776&#038;ssl=1\" alt=\"\" class=\"wp-image-340\" srcset=\"https:\/\/i0.wp.com\/baytutumlu.com\/wp-content\/uploads\/2022\/06\/Ekran-Resmi-2022-06-01-07.07.39.png?w=454&amp;ssl=1 454w, https:\/\/i0.wp.com\/baytutumlu.com\/wp-content\/uploads\/2022\/06\/Ekran-Resmi-2022-06-01-07.07.39.png?resize=176%2C300&amp;ssl=1 176w\" sizes=\"auto, (max-width: 454px) 100vw, 454px\" data-recalc-dims=\"1\" \/><\/figure><\/div>\n\n\n\n<div class=\"wp-block-image\"><figure class=\"aligncenter size-full\"><img loading=\"lazy\" decoding=\"async\" width=\"294\" height=\"382\" src=\"https:\/\/i0.wp.com\/baytutumlu.com\/wp-content\/uploads\/2022\/06\/Ekran-Resmi-2022-06-01-07.08.07.png?resize=294%2C382&#038;ssl=1\" alt=\"\" class=\"wp-image-341\" srcset=\"https:\/\/i0.wp.com\/baytutumlu.com\/wp-content\/uploads\/2022\/06\/Ekran-Resmi-2022-06-01-07.08.07.png?w=294&amp;ssl=1 294w, https:\/\/i0.wp.com\/baytutumlu.com\/wp-content\/uploads\/2022\/06\/Ekran-Resmi-2022-06-01-07.08.07.png?resize=231%2C300&amp;ssl=1 231w\" sizes=\"auto, (max-width: 294px) 100vw, 294px\" data-recalc-dims=\"1\" \/><\/figure><\/div>\n","protected":false},"excerpt":{"rendered":"<p>Herkese selamlar. Bir ay\u0131n daha sonuna geldik. Ciddi manada finansal \u00f6zg\u00fcrl\u00fck i\u00e7in yat\u0131r\u0131ma ba\u015flayal\u0131 47 ay olmu\u015f. Bu ay i\u00e7erisinde g\u00fcndemde yine artan enflasyon ve&#8230;<\/p>\n","protected":false},"author":2,"featured_media":336,"comment_status":"open","ping_status":"open","sticky":false,"template":"","format":"standard","meta":{"_monsterinsights_skip_tracking":false,"_monsterinsights_sitenote_active":false,"_monsterinsights_sitenote_note":"","_monsterinsights_sitenote_category":0,"advanced_seo_description":"","jetpack_seo_html_title":"","jetpack_seo_noindex":false,"jetpack_post_was_ever_published":false,"_jetpack_newsletter_access":"","_jetpack_dont_email_post_to_subs":false,"_jetpack_newsletter_tier_id":0,"_jetpack_memberships_contains_paywalled_content":false,"_jetpack_memberships_contains_paid_content":false,"footnotes":"","jetpack_publicize_message":"","jetpack_publicize_feature_enabled":true,"jetpack_social_post_already_shared":false,"jetpack_social_options":{"image_generator_settings":{"template":"highway","enabled":false}}},"categories":[3,6,4,34,15],"tags":[22,24,25,26,27,23],"class_list":["post-328","post","type-post","status-publish","format-standard","has-post-thumbnail","hentry","category-erken-emeklilik","category-fire","category-hisse-senedi","category-portfoy","category-yatirim","tag-borsa","tag-finansal-ozgurluk","tag-fire","tag-hisse-senedi","tag-tasarruf","tag-yatirim","entry","double"],"jetpack_publicize_connections":[],"jetpack_featured_media_url":"https:\/\/i0.wp.com\/baytutumlu.com\/wp-content\/uploads\/2022\/05\/20220527_070304-scaled.jpeg?fit=2034%2C2560&ssl=1","jetpack-related-posts":[],"jetpack_sharing_enabled":true,"jetpack_likes_enabled":true,"_links":{"self":[{"href":"https:\/\/baytutumlu.com\/index.php\/wp-json\/wp\/v2\/posts\/328","targetHints":{"allow":["GET"]}}],"collection":[{"href":"https:\/\/baytutumlu.com\/index.php\/wp-json\/wp\/v2\/posts"}],"about":[{"href":"https:\/\/baytutumlu.com\/index.php\/wp-json\/wp\/v2\/types\/post"}],"author":[{"embeddable":true,"href":"https:\/\/baytutumlu.com\/index.php\/wp-json\/wp\/v2\/users\/2"}],"replies":[{"embeddable":true,"href":"https:\/\/baytutumlu.com\/index.php\/wp-json\/wp\/v2\/comments?post=328"}],"version-history":[{"count":7,"href":"https:\/\/baytutumlu.com\/index.php\/wp-json\/wp\/v2\/posts\/328\/revisions"}],"predecessor-version":[{"id":346,"href":"https:\/\/baytutumlu.com\/index.php\/wp-json\/wp\/v2\/posts\/328\/revisions\/346"}],"wp:featuredmedia":[{"embeddable":true,"href":"https:\/\/baytutumlu.com\/index.php\/wp-json\/wp\/v2\/media\/336"}],"wp:attachment":[{"href":"https:\/\/baytutumlu.com\/index.php\/wp-json\/wp\/v2\/media?parent=328"}],"wp:term":[{"taxonomy":"category","embeddable":true,"href":"https:\/\/baytutumlu.com\/index.php\/wp-json\/wp\/v2\/categories?post=328"},{"taxonomy":"post_tag","embeddable":true,"href":"https:\/\/baytutumlu.com\/index.php\/wp-json\/wp\/v2\/tags?post=328"}],"curies":[{"name":"wp","href":"https:\/\/api.w.org\/{rel}","templated":true}]}}