{"id":3123,"date":"2025-03-24T14:28:08","date_gmt":"2025-03-24T11:28:08","guid":{"rendered":"https:\/\/baytutumlu.com\/?p=3123"},"modified":"2025-03-24T14:29:13","modified_gmt":"2025-03-24T11:29:13","slug":"kriz-gunlerinde-yatirim-yapmak","status":"publish","type":"post","link":"https:\/\/baytutumlu.com\/index.php\/2025\/03\/24\/kriz-gunlerinde-yatirim-yapmak\/","title":{"rendered":"Kriz G\u00fcnlerinde Yat\u0131r\u0131m Yapmak"},"content":{"rendered":"\n<p>Herkese selamlar. Kimi zaman haberleri a\u00e7\u0131yoruz ve piyasalarda f\u0131rt\u0131nalar koptu\u011funu g\u00f6r\u00fcyoruz: D\u00f6viz kurlar\u0131 u\u00e7uyor, borsa d\u00fc\u015f\u00fcyor, insanlar\u0131n g\u00f6z\u00fcnde korku ve belirsizlik h\u00e2kim. \u00dcst\u00fcne bir de siyasi kriz veya k\u00fcresel bir \u00e7alkant\u0131 eklendi\u011finde, \u00e7o\u011fumuz \u201cAcaba her \u015feyi sat\u0131p kenara m\u0131 \u00e7ekilsem?\u201d diye d\u00fc\u015f\u00fcn\u00fcr h\u00e2le gelebiliyoruz. E\u011fer siz de b\u00f6yle d\u00f6nemlerde yat\u0131r\u0131m yapmak konusunda kafas\u0131 kar\u0131\u015fanlardansan\u0131z, yaln\u0131z de\u011filsiniz. \u00c7\u00fcnk\u00fc piyasalar k\u00f6t\u00fcye gitti\u011finde, korkuya kap\u0131lmamak ger\u00e7ekten cesaret istiyor. \u0130\u015fte tam da bu noktada, \u201ckriz g\u00fcnlerinde yat\u0131r\u0131m yapmak\u201d neden \u00f6nemli ve nas\u0131l bir f\u0131rsat olabilir, buna bakal\u0131m istiyorum.<\/p>\n\n\n\n<p>Bu yaz\u0131da, siyasi krizler veya ekonomik dalgalanmalar varken yat\u0131r\u0131m yapman\u0131n neden bazen en k\u00e2rl\u0131 ad\u0131m olabilece\u011finden bahsedece\u011fim. Ayr\u0131ca ge\u00e7mi\u015f krizlerden \u00f6rnekler verecek, hangi stratejileri izleyebilece\u011fimizi anlatacak ve elbette bu s\u00fcre\u00e7te nas\u0131l so\u011fukkanl\u0131 kalabilece\u011fimize dair t\u00fcyolar payla\u015faca\u011f\u0131m. Amac\u0131m kimseye cesaret vermek ya da hadi borsaya girin demek de\u011fil. Sadece, \u00e7alkant\u0131l\u0131 zamanlar\u0131n bazen ka\u00e7\u0131r\u0131lmayacak f\u0131rsatlarla dolu oldu\u011funu hat\u0131rlatmak istiyorum.<\/p>\n\n\n\n<p>\u00d6yleyse ba\u015flayal\u0131m!<\/p>\n\n\n\n<hr class=\"wp-block-separator has-alpha-channel-opacity\"\/>\n\n\n\n<h3 class=\"wp-block-heading\"><strong>1. Kriz G\u00fcnlerinde Yat\u0131r\u0131m Yapmak Neden Cezbedici Olabilir?<\/strong><\/h3>\n\n\n\n<p>Ekonomik veya siyasi kriz d\u00f6nemlerinde piyasalar dalgal\u0131 seyreder. Duygular\u0131n yo\u011fun oldu\u011fu bu d\u00f6nemlerde fiyatlar bazen a\u015f\u0131r\u0131 \u015fi\u015fer, bazen de gere\u011finden fazla d\u00fc\u015fer. \u0130nsanlar panikledi\u011finde, eldeki varl\u0131klar\u0131n\u0131 d\u00fc\u015f\u00fck fiyatlardan satmaya raz\u0131 olabilir. \u0130\u015fte bu durum, f\u0131rsatlar\u0131 kovalayan yat\u0131r\u0131mc\u0131lar i\u00e7in bulunmaz bir ortam yaratabilir.<\/p>\n\n\n\n<ul class=\"wp-block-list\">\n<li><strong>Ucuza Al\u0131m F\u0131rsat\u0131<\/strong>: Kaliteli \u015firket hisselerini \u00e7ok daha d\u00fc\u015f\u00fck fiyatlardan bulabilirsiniz. Mesela, normalde 100 liradan i\u015flem g\u00f6ren bir hisse, kriz pani\u011fiyle 60 liraya d\u00fc\u015ft\u00fcyse ve siz bu \u015firkete g\u00fcveniyorsaniz, uzun vadede \u00f6nemli kazan\u00e7lar sa\u011flayabilirsiniz.<\/li>\n\n\n\n<li><strong>Piyasada Rekabetin Azalmas\u0131<\/strong>: \u0130nsanlar korktu\u011fu i\u00e7in al\u0131mdan uzak durur. Bu sayede baz\u0131 de\u011ferli varl\u0131klara ula\u015fmak daha kolay h\u00e2le gelebilir.<\/li>\n\n\n\n<li><strong>Uzun Vadeli Kazan\u00e7 Potansiyeli<\/strong>: Krizler kal\u0131c\u0131 de\u011fildir. Genellikle, belki birka\u00e7 ay belki birka\u00e7 y\u0131l i\u00e7inde sular durulur ve ekonomi toparlan\u0131r. O toparlanma s\u00fcrecine haz\u0131r girmek, portf\u00f6y\u00fcn\u00fczde b\u00fcy\u00fck de\u011fer art\u0131\u015flar\u0131 g\u00f6rmene yard\u0131mc\u0131 olabilir.<\/li>\n<\/ul>\n\n\n\n<p>Tabii ki her krizde f\u0131rsat vard\u0131r diyemeyiz. \u00d6nemli olan, ger\u00e7ekten de\u011ferli olanla \u201celde kalm\u0131\u015f\u201d aras\u0131nda ayr\u0131m yapabilmek. Bu y\u00fczden biraz analiz, biraz da piyasalar\u0131 tan\u0131mak b\u00fcy\u00fck rol oynuyor.<\/p>\n\n\n\n<hr class=\"wp-block-separator has-alpha-channel-opacity\"\/>\n\n\n\n<h3 class=\"wp-block-heading\"><strong>2. Ge\u00e7mi\u015f Krizlerden Neler \u00d6\u011frendik?<\/strong><\/h3>\n\n\n\n<p>Sanki tarihte hi\u00e7 kriz olmam\u0131\u015f gibi davranmak yanl\u0131\u015f olurdu. D\u00fcnyan\u0131n bir\u00e7ok kez ekonomik ve siyasi \u00e7alkant\u0131lardan ge\u00e7ti\u011fini g\u00f6r\u00fcyoruz. Ge\u00e7mi\u015fe bakt\u0131\u011f\u0131m\u0131zda, pek \u00e7ok k\u00f6t\u00fc d\u00f6nemi geride b\u0131rakm\u0131\u015f olsak da, bu kriz d\u00f6nemleri cesur ve bilin\u00e7li yat\u0131r\u0131mc\u0131lar i\u00e7in f\u0131rsatlar yaratm\u0131\u015ft\u0131r.<\/p>\n\n\n\n<p><strong>15 Temmuz Darbe Giri\u015fimi<\/strong><\/p>\n\n\n\n<p>O gece, darbe giri\u015fimi haberi duyuldu\u011funda \u00fclke genelinde b\u00fcy\u00fck bir \u015fa\u015fk\u0131nl\u0131k ve korku h\u00e2kimdi. \u0130nsanlar sokaklara \u00e7\u0131kt\u0131, sosyal medya \u00e7alkaland\u0131 ve ya\u015fanan belirsizli\u011fin etkisi finans piyasalar\u0131nda da sert bir \u015fekilde hissedildi. Darbe giri\u015fiminin hemen ertesinde, yani piyasalar\u0131n ilk a\u00e7\u0131ld\u0131\u011f\u0131 g\u00fcn borsa ciddi bir d\u00fc\u015f\u00fc\u015fle g\u00fcne ba\u015flad\u0131.<\/p>\n\n\n\n<ul class=\"wp-block-list\">\n<li>Yat\u0131r\u0131mc\u0131lar hen\u00fcz olaylar\u0131n nas\u0131l bir seyir izleyece\u011fini kestiremedi\u011finden, borsada \u00f6nemli sat\u0131\u015flar g\u00f6rd\u00fck. BIST 100 endeksi ilk i\u015flem g\u00fcn\u00fcnde y\u00fczde 7-8\u2019lere varan gerilemeler ya\u015fad\u0131.<\/li>\n\n\n\n<li>Ayn\u0131 d\u00f6nemde T\u00fcrk Liras\u0131, darbe giri\u015fiminin yaratt\u0131\u011f\u0131 g\u00fcvensizlik ortam\u0131 sebebiyle de\u011fer kaybetti. D\u00f6viz kurlar\u0131 y\u00fckseldi ve bir\u00e7ok ki\u015fi \u201cAcaba kur daha da artar m\u0131?\u201d endi\u015fesine kap\u0131ld\u0131.<\/li>\n<\/ul>\n\n\n\n<p>Elbette b\u00f6yle \u00e7alkant\u0131l\u0131 bir havada, sadece yerli de\u011fil yabanc\u0131 yat\u0131r\u0131mc\u0131lar da risk almak istemiyor. Bu durum da borsadaki sat\u0131\u015flar\u0131 iyice tetikledi. \u0130nsanlar\u0131n kafas\u0131nda \u015fu sorular d\u00f6n\u00fcp durdu: \u201c\u00dclkenin siyasi istikrar\u0131 ne olacak? Yeni bir giri\u015fim olur mu? H\u00fck\u00fcmet ne y\u00f6nde kararlar alacak?\u201d T\u00fcm bu belirsizlikler, yat\u0131r\u0131mc\u0131 psikolojisini bozdu ve k\u0131sa s\u00fcreli de olsa borsada sert d\u00fc\u015f\u00fc\u015fler ya\u015fand\u0131.<\/p>\n\n\n\n<p>\u015ea\u015f\u0131rt\u0131c\u0131 gelebilir ama bu kadar b\u00fcy\u00fck bir sars\u0131nt\u0131 sonras\u0131nda piyasa, beklenenden daha h\u0131zl\u0131 toparlanma g\u00f6sterdi. Piyasam\u0131z o zaman bu kadar derin de de\u011fildi ve yabanc\u0131 a\u011f\u0131rl\u0131ktayd\u0131. Gerek Merkez Bankas\u0131n\u0131n ve ekonomi y\u00f6netiminin ald\u0131\u011f\u0131 \u00f6nlemler gerekse \u00fclkenin tamam\u0131nda birlik beraberlik vurgusu yap\u0131lmas\u0131 krizin derinle\u015fmesinin \u00f6n\u00fcne ge\u00e7ti.<\/p>\n\n\n\n<h4 class=\"wp-block-heading\"><strong><a href=\"https:\/\/baytutumlu.com\/index.php\/2021\/03\/31\/mart-2021-sonu-portfoy-durumu\/\">2021 Naci A\u011fbal Krizi<\/a><\/strong><\/h4>\n\n\n\n<p>2021 y\u0131l\u0131n\u0131n ilk aylar\u0131n\u0131 hat\u0131rlarsan\u0131z, ekonomi g\u00fcndemi yine bir hayli hareketliydi. Merkez Bankas\u0131 Ba\u015fkan\u0131 Naci A\u011fbal\u2019\u0131n g\u00f6revden al\u0131nmas\u0131 piyasalarda adeta \u015fok etkisi yaratm\u0131\u015ft\u0131. \u0130\u015fin asl\u0131, A\u011fbal g\u00f6reve geldi\u011finden beri daha s\u0131k\u0131 bir para politikas\u0131 benimsemi\u015f, faiz art\u0131r\u0131mlar\u0131yla enflasyonla m\u00fccadelede kat\u0131 bir duru\u015f sergilemi\u015fti. Tam \u201cPiyasalar biraz olsun nefes ald\u0131 galiba\u201d derken, bir anda kendisini g\u00f6revden al\u0131nm\u0131\u015f bulduk. Bu ani de\u011fi\u015fiklik, yat\u0131r\u0131mc\u0131lar i\u00e7in de s\u00fcrpriz oldu ve T\u00fcrk Liras\u0131 yine b\u00fcy\u00fck dalgalanmalar ya\u015fad\u0131.<\/p>\n\n\n\n<p>O d\u00f6nemde insanlar, \u201cNe oluyor, neden b\u00f6yle h\u0131zl\u0131 kararlar al\u0131n\u0131yor?\u201d diye birbirine sormaya ba\u015flad\u0131. D\u00f6viz kurlar\u0131 bir gece i\u00e7inde f\u0131rlay\u0131verdi, borsada kay\u0131plar ya\u015fand\u0131. \u00d6zellikle \u201cMerkez Bankas\u0131 ba\u011f\u0131ms\u0131zl\u0131\u011f\u0131\u201d ile ilgili soru i\u015faretleri iyice g\u00fcn y\u00fcz\u00fcne \u00e7\u0131kt\u0131. A\u00e7\u0131k\u00e7as\u0131, piyasadaki g\u00fcven ortam\u0131 sars\u0131ld\u0131; zira kimse, politika de\u011fi\u015fikliklerinin bundan sonra nas\u0131l \u015fekillenece\u011fini kestiremez oldu.<\/p>\n\n\n\n<p>Naci A\u011fbal, g\u00f6reve geldi\u011finde \u201c\u015eeffafl\u0131k ve \u00f6ng\u00f6r\u00fclebilirlik\u201d vurgusunu yaparak kollar\u0131 s\u0131vam\u0131\u015f, faiz art\u0131r\u0131mlar\u0131yla yurt i\u00e7i ve yurt d\u0131\u015f\u0131 yat\u0131r\u0131mc\u0131lara \u201cMerkez Bankas\u0131 enflasyonu ciddiye al\u0131yor\u201d mesaj\u0131n\u0131 vermeye \u00e7al\u0131\u015fm\u0131\u015ft\u0131. Piyasalarda, en az\u0131ndan k\u0131sa vadede, \u201cTamam ya, bu kez i\u015fler yoluna girecek gibi\u201d diyenler artmaya ba\u015flam\u0131\u015ft\u0131 ki g\u00f6rev de\u011fi\u015fikli\u011fiyle birlikte t\u00fcm bu beklentiler suya d\u00fc\u015ft\u00fc. K\u0131sacas\u0131, bir gecede gelen g\u00f6revden alma karar\u0131, T\u00fcrk Liras\u0131\u2019n\u0131n de\u011feri \u00fczerinde ciddi bask\u0131 yaratt\u0131. <\/p>\n\n\n\n<h4 class=\"wp-block-heading\"><strong><a href=\"https:\/\/baytutumlu.com\/index.php\/2023\/07\/02\/haziran-2023-sonu-portfoy-durumu\/\">Peki sonras\u0131nda ne oldu? <\/a><\/strong><\/h4>\n\n\n\n<p> Borsada d\u00fc\u015fen hacimlerle birlikte fiyatlamalar sa\u011fl\u0131kl\u0131 olmaktan \u00e7\u0131km\u0131\u015f oldu. 2021 sonunda ve 2022\u2019de %19\u2019lardan %8.5\u2019lara kadar suni olarak d\u00fc\u015f\u00fcr\u00fclen politika faizi nedeniyle yeni bir dolar ata\u011f\u0131 ya\u015fad\u0131k. Bu ata\u011f\u0131 ise KKM ad\u0131 verilen modern d\u00f6nemde ilk defa kullan\u0131lan bir finansal ara\u00e7la bertaraf etmeye \u00e7al\u0131\u015ft\u0131k. Bu k\u0131smen i\u015fe yarasa da sonu\u00e7ta zay\u0131f rezervler ve k\u00f6t\u00fc para politikalar\u0131 nedeniyle dolar\u0131n tekrar zirvesini g\u00f6rmesi engellenemedi.<\/p>\n\n\n\n<figure class=\"wp-block-image size-large\"><img loading=\"lazy\" decoding=\"async\" width=\"1024\" height=\"629\" src=\"https:\/\/i0.wp.com\/baytutumlu.com\/wp-content\/uploads\/2025\/03\/Ekran-Resmi-2025-03-24-14.23.42.png?resize=1024%2C629&#038;ssl=1\" alt=\"\" class=\"wp-image-3125\" srcset=\"https:\/\/i0.wp.com\/baytutumlu.com\/wp-content\/uploads\/2025\/03\/Ekran-Resmi-2025-03-24-14.23.42.png?resize=1024%2C629&amp;ssl=1 1024w, https:\/\/i0.wp.com\/baytutumlu.com\/wp-content\/uploads\/2025\/03\/Ekran-Resmi-2025-03-24-14.23.42.png?resize=300%2C184&amp;ssl=1 300w, https:\/\/i0.wp.com\/baytutumlu.com\/wp-content\/uploads\/2025\/03\/Ekran-Resmi-2025-03-24-14.23.42.png?resize=768%2C472&amp;ssl=1 768w, https:\/\/i0.wp.com\/baytutumlu.com\/wp-content\/uploads\/2025\/03\/Ekran-Resmi-2025-03-24-14.23.42.png?resize=1536%2C944&amp;ssl=1 1536w, https:\/\/i0.wp.com\/baytutumlu.com\/wp-content\/uploads\/2025\/03\/Ekran-Resmi-2025-03-24-14.23.42.png?resize=2048%2C1258&amp;ssl=1 2048w\" sizes=\"auto, (max-width: 1000px) 100vw, 1000px\" data-recalc-dims=\"1\" \/><\/figure>\n\n\n\n<p>2022 ortas\u0131ndan itibaren ba\u015flayan ralliyle birlikte 5500 puana kadar t\u0131rmanan BIST100 endeksi y\u0131ll\u0131k bazda 1999 y\u0131l\u0131ndan beri en y\u00fcksek getirisini elde etti. TL baz\u0131nda %194, usd baz\u0131nda ise %79 artan endeks bir\u00e7ok yat\u0131r\u0131mc\u0131n\u0131n portf\u00f6ylerini zirveye ta\u015f\u0131d\u0131. O d\u00f6nemde borsadan \u00e7\u0131kan yat\u0131r\u0131mc\u0131lar me\u015fhur 2022 rallisini ka\u00e7\u0131rm\u0131\u015f oldular. <\/p>\n\n\n\n<hr class=\"wp-block-separator has-alpha-channel-opacity\"\/>\n\n\n\n<h3 class=\"wp-block-heading\"><strong>3. Kriz G\u00fcnlerinde Yat\u0131r\u0131m Yapmak<\/strong><\/h3>\n\n\n\n<p>\u201cKriz g\u00fcnlerinde yat\u0131r\u0131m yapmak\u201d kula\u011fa harika ya da korkutucu geliyor olabilir. Ama l\u00fctfen t\u00fcm paran\u0131z\u0131 \u00e7ekerken ya da  herhangi bir hissede al\u0131m yaparken iki kez d\u00fc\u015f\u00fcn\u00fcn. \u00c7\u00fcnk\u00fc ortal\u0131k toz duman oldu\u011funda hatal\u0131 kararlar alma riski de y\u00fckseliyor. Nelere dikkat etmelisiniz?<\/p>\n\n\n\n<ol class=\"wp-block-list\">\n<li><strong>Acil Durum Fonunuz Olsun<\/strong><br>Kriz zamanlar\u0131nda birden fazla s\u00fcrprizle kar\u015f\u0131la\u015fabilirsiniz: \u0130\u015fsizlik, sa\u011fl\u0131k masraflar\u0131, beklenmeyen giderler\u2026 Bu nedenle, en az 3-6 ayl\u0131k temel masraflar\u0131n\u0131z\u0131 kar\u015f\u0131layacak bir nakit rezervi elinizin alt\u0131nda olsun. B\u00f6ylece hem pani\u011fe kap\u0131lmazs\u0131n\u0131z hem de hisselerinizi satmak zorunda kalmazs\u0131n\u0131z.<\/li>\n\n\n\n<li><strong>Portf\u00f6y\u00fcn\u00fcz\u00fc \u00c7e\u015fitlendirin<\/strong><br>T\u00fcm paray\u0131 tek bir varl\u0131k s\u0131n\u0131f\u0131na (\u00f6rne\u011fin sadece hisse senetlerine) yat\u0131rmak krizde b\u00fcy\u00fck risk. D\u00f6viz, alt\u0131n, eurobond, mevduat\/ppf gibi farkl\u0131 enstr\u00fcmanlarla sepet yapmaya \u00f6zen g\u00f6sterin. Bu sayede riski da\u011f\u0131tm\u0131\u015f olursunuz.<\/li>\n\n\n\n<li><strong>Uzun Vadeli D\u00fc\u015f\u00fcn\u00fcn<br><\/strong>Kriz d\u00f6nemleri k\u0131sa vadeli dalgalanmalarla dolu. Bazen bir haberle piyasa %5 d\u00fc\u015fer, ertesi g\u00fcn ba\u015fka bir haberle %3 y\u00fckselir. E\u011fer her dalgalanmada pani\u011fe kap\u0131l\u0131rsan\u0131z ba\u015f\u0131n\u0131z d\u00f6nebilir. Yat\u0131r\u0131m ufkunuz birka\u00e7 y\u0131l olursa, bu t\u00fcr ini\u015f \u00e7\u0131k\u0131\u015flar\u0131 daha sakin kar\u015f\u0131layabilirsiniz.<\/li>\n\n\n\n<li><strong>De\u011ferli Varl\u0131\u011f\u0131 Se\u00e7meye \u00d6zen G\u00f6sterin<\/strong><br>Her d\u00fc\u015fen fiyat \u201ckesin f\u0131rsat\u201d de\u011fildir. Baz\u0131 \u015firketler zaten zay\u0131ft\u0131r, kriz d\u00f6neminde iflasa s\u00fcr\u00fcklenebilir. Bu y\u00fczden, hangi \u015firketin temelleri sa\u011flam, hangisi ger\u00e7ekten gelecek vaat ediyor, bunu iyi ara\u015ft\u0131rmak gerekiyor.<\/li>\n<\/ol>\n\n\n\n<hr class=\"wp-block-separator has-alpha-channel-opacity\"\/>\n\n\n\n<h3 class=\"wp-block-heading\"><strong>4. Kriz Psikolojisiyle Nas\u0131l Ba\u015fa \u00c7\u0131kars\u0131n\u0131z?<\/strong><\/h3>\n\n\n\n<p>Krizin tam ortas\u0131ndas\u0131n\u0131z ve fiyatlar h\u00e2l\u00e2 d\u00fc\u015fmeye devam ediyor. Bu durumda neler yapmal\u0131y\u0131z?<\/p>\n\n\n\n<ul class=\"wp-block-list\">\n<li><strong>Panik Sat\u0131\u015f\u0131 Yapmaktan Ka\u00e7\u0131n\u0131n<\/strong>: E\u011fer uzun vadeli yat\u0131r\u0131m planl\u0131yorsan\u0131z, fiyat d\u00fc\u015f\u00fc\u015flerini ge\u00e7ici dalgalanma olarak g\u00f6rmeye \u00e7al\u0131\u015fmak gerekiyor. E\u011fer temellerine g\u00fcvendi\u011finiz bir \u015firketse, belki daha da d\u00fc\u015ferse kademeli olarak ekleme yapmak mant\u0131kl\u0131 olabilir.<\/li>\n\n\n\n<li><strong>Haberleri A\u015f\u0131r\u0131 Takip Etmeyin<\/strong>: Tabi ki g\u00fcndemi bilmek \u00f6nemli, ama her k\u00f6t\u00fc haberde moralinizi bozup panik yapmay\u0131n. Her g\u00fcn bir s\u00fcr\u00fc k\u00f6t\u00fc haber oluyor, bunlar\u0131n hepsini yat\u0131r\u0131m karar\u0131na yans\u0131t\u0131rsan\u0131z asla rahat edemezsiniz.<\/li>\n\n\n\n<li><strong>Stratejinizi Yaz\u0131l\u0131 Hale Getirin<\/strong>: Hangi durumda nas\u0131l davranaca\u011f\u0131n\u0131 \u00f6nceden belirlemek \u00e7ok \u00f6nemli. \u201cE\u011fer X hissem %10 d\u00fc\u015ferse ekstra alaca\u011f\u0131m, %20 d\u00fc\u015ferse nedenine bakaca\u011f\u0131m\u201d gibi bir yol haritas\u0131, kafan\u0131z\u0131 net tutmaya yard\u0131mc\u0131 olur.<\/li>\n<\/ul>\n\n\n\n<p>Kriz d\u00f6nemlerinde so\u011fukkanl\u0131l\u0131\u011f\u0131n\u0131 korumak, uzun vadeli yat\u0131r\u0131m\u0131n anahtar\u0131. Bu biraz deneyimle, biraz da kendini tan\u0131makla ilgili. \u201cBen bu kadar strese gelemem\u201d diyorsan\u0131z, daha korunakl\u0131 enstr\u00fcmanlara y\u00f6nelmek daha do\u011fru olabilir.<\/p>\n\n\n\n<hr class=\"wp-block-separator has-alpha-channel-opacity\"\/>\n\n\n\n<h3 class=\"wp-block-heading\"><strong>5. Kendinize \u015eu Sorular\u0131 Sorun<\/strong><\/h3>\n\n\n\n<p>Bir yat\u0131r\u0131m karar\u0131 almadan \u00f6nce \u015fu sorulara cevap vermek, \u00f6zellikle kriz d\u00f6nemlerinde kendinizi daha g\u00fcvende hissetmenizi sa\u011flayabilir:<\/p>\n\n\n\n<ol class=\"wp-block-list\">\n<li><strong>Bu yat\u0131r\u0131m\u0131 ka\u00e7 y\u0131l tutmaya niyetliyim?<\/strong><br>K\u0131sa vadede mi yoksa uzun vadede mi bu paraya ihtiyac\u0131n olacak? Uzun vadeli d\u00fc\u015f\u00fcnmek kriz d\u00f6nemlerinde daha avantajl\u0131d\u0131r.<\/li>\n\n\n\n<li><strong>Risk tolerans\u0131m ne kadar?<\/strong><br>Uykular\u0131n\u0131z\u0131 ka\u00e7\u0131ran dalgalanmalarla ba\u015f edemezseniz, daha g\u00fcvenli enstr\u00fcmanlara y\u00f6nelmeniz daha mant\u0131kl\u0131 olabilir.<\/li>\n\n\n\n<li><strong>Hedefim ne?<\/strong><br>Pasif gelir mi elde etmek istiyorum yoksa de\u011fer art\u0131\u015f\u0131 m\u0131 bekliyorum? Al\u0131m amac\u0131na g\u00f6re stratejiniz \u015fekillenebilir.<\/li>\n\n\n\n<li><strong>Kriz ger\u00e7ekten bir f\u0131rsat m\u0131 yoksa b\u00fcy\u00fck bir tehlike mi?<\/strong><br>Her kriz farkl\u0131. Baz\u0131lar\u0131 \u201cV\u201d \u015feklinde h\u0131zl\u0131 toparlanma getirirken, baz\u0131lar\u0131 uzun s\u00fcrebilir. Global boyutu nedir, yerel boyutu nedir, bunlar\u0131 incelemeden sadece \u201cD\u00fc\u015ft\u00fc, alal\u0131m\u201d diyemezsiniz.<\/li>\n<\/ol>\n\n\n\n<hr class=\"wp-block-separator has-alpha-channel-opacity\"\/>\n\n\n\n<h3 class=\"wp-block-heading\"><strong>6. Sonu\u00e7: Krizler Gelir, Ge\u00e7er ve Hayat Devam Eder<\/strong><\/h3>\n\n\n\n<p>\u201cKriz g\u00fcnlerinde yat\u0131r\u0131m yapmak\u201d fikrini en yal\u0131n \u015fekilde \u00f6zetleyecek olursak: Korku zirvedeyken, f\u0131rsatlar da genellikle ortaya \u00e7\u0131kar. \u00d6nemli olan, korkuya teslim olmadan rasyonel karar verebilmek. Evet, bu kolay de\u011fil. Etraf\u0131n\u0131zdan \u201cAman ha, sak\u0131n girme!\u201d sesleri y\u00fckselebilir, kimileri \u201cBekle, daha da d\u00fc\u015fer\u201d diyebilir. Ama unutmay\u0131n ki tarihte de b\u00f6yle oldu. 2008\u2019de, 2016\u2019da, 2021\u2019de ve daha pek \u00e7ok \u00e7alkant\u0131da\u2026 Her defas\u0131nda biraz farkl\u0131 dinamikler olsa da, krizler bir \u015fekilde geride kald\u0131 ve cesaretli davrananlar \u00e7o\u011fu zaman mutlu sona ula\u015ft\u0131.<\/p>\n\n\n\n<p>Yine de yat\u0131r\u0131m yapman\u0131n her zaman bir risk oldu\u011funu akl\u0131ndan \u00e7\u0131karmamal\u0131s\u0131n\u0131z. Piyasalar bazen beklentinin aksine hareket edebilir, ya da kriz tahmin edilenden de uzun s\u00fcrebilir. Bu y\u00fczden, t\u00fcm bu \u00f6\u011f\u00fctleri bir kenara yazarken, kendi finansal durumunuzu ve psikolojik e\u015fi\u011finizi her zaman \u00f6n plana koyman\u0131z\u0131 \u00f6neririm.<\/p>\n\n\n\n<p>En nihayetinde, hepimiz hatalar yap\u0131yoruz. \u00d6nemli olan, bu hatalardan ders alarak kendimizi geli\u015ftirmek. Krizler, e\u011fitim niteli\u011finde deneyimler sunar. Zorlu ko\u015fullar alt\u0131nda nas\u0131l hareket etti\u011fimizi g\u00f6rmemizi sa\u011flar.<\/p>\n\n\n\n<p>Okudu\u011funuz i\u00e7in te\u015fekk\u00fcr ederim.<\/p>\n\n\n\n<p>Bay Tutumlu<\/p>\n\n\n\n<hr class=\"wp-block-separator has-alpha-channel-opacity\"\/>\n\n\n\n<h2 class=\"wp-block-heading\"><\/h2>\n","protected":false},"excerpt":{"rendered":"<p>Herkese selamlar. Kimi zaman haberleri a\u00e7\u0131yoruz ve piyasalarda f\u0131rt\u0131nalar koptu\u011funu g\u00f6r\u00fcyoruz: D\u00f6viz kurlar\u0131 u\u00e7uyor, borsa d\u00fc\u015f\u00fcyor, insanlar\u0131n g\u00f6z\u00fcnde korku ve belirsizlik h\u00e2kim. \u00dcst\u00fcne bir de&#8230;<\/p>\n","protected":false},"author":2,"featured_media":3126,"comment_status":"open","ping_status":"open","sticky":false,"template":"","format":"standard","meta":{"_monsterinsights_skip_tracking":false,"_monsterinsights_sitenote_active":false,"_monsterinsights_sitenote_note":"","_monsterinsights_sitenote_category":0,"advanced_seo_description":"","jetpack_seo_html_title":"","jetpack_seo_noindex":false,"jetpack_post_was_ever_published":false,"_jetpack_newsletter_access":"","_jetpack_dont_email_post_to_subs":false,"_jetpack_newsletter_tier_id":0,"_jetpack_memberships_contains_paywalled_content":false,"_jetpack_memberships_contains_paid_content":false,"footnotes":"","jetpack_publicize_message":"","jetpack_publicize_feature_enabled":true,"jetpack_social_post_already_shared":true,"jetpack_social_options":{"image_generator_settings":{"template":"highway","enabled":false}}},"categories":[5,4,15],"tags":[22,26,23],"class_list":["post-3123","post","type-post","status-publish","format-standard","has-post-thumbnail","hentry","category-borsa","category-hisse-senedi","category-yatirim","tag-borsa","tag-hisse-senedi","tag-yatirim","entry","double"],"jetpack_publicize_connections":[],"jetpack_featured_media_url":"https:\/\/i0.wp.com\/baytutumlu.com\/wp-content\/uploads\/2025\/03\/DALL\u00b7E-2025-03-24-14.27.47-A-blog-cover-image-illustrating-investment-during-times-of-crisis.-The-image-shows-a-dramatic-financial-scene-with-a-stormy-sky-in-the-background-sym.webp?fit=1024%2C1024&ssl=1","jetpack-related-posts":[],"jetpack_sharing_enabled":true,"jetpack_likes_enabled":true,"_links":{"self":[{"href":"https:\/\/baytutumlu.com\/index.php\/wp-json\/wp\/v2\/posts\/3123","targetHints":{"allow":["GET"]}}],"collection":[{"href":"https:\/\/baytutumlu.com\/index.php\/wp-json\/wp\/v2\/posts"}],"about":[{"href":"https:\/\/baytutumlu.com\/index.php\/wp-json\/wp\/v2\/types\/post"}],"author":[{"embeddable":true,"href":"https:\/\/baytutumlu.com\/index.php\/wp-json\/wp\/v2\/users\/2"}],"replies":[{"embeddable":true,"href":"https:\/\/baytutumlu.com\/index.php\/wp-json\/wp\/v2\/comments?post=3123"}],"version-history":[{"count":3,"href":"https:\/\/baytutumlu.com\/index.php\/wp-json\/wp\/v2\/posts\/3123\/revisions"}],"predecessor-version":[{"id":3128,"href":"https:\/\/baytutumlu.com\/index.php\/wp-json\/wp\/v2\/posts\/3123\/revisions\/3128"}],"wp:featuredmedia":[{"embeddable":true,"href":"https:\/\/baytutumlu.com\/index.php\/wp-json\/wp\/v2\/media\/3126"}],"wp:attachment":[{"href":"https:\/\/baytutumlu.com\/index.php\/wp-json\/wp\/v2\/media?parent=3123"}],"wp:term":[{"taxonomy":"category","embeddable":true,"href":"https:\/\/baytutumlu.com\/index.php\/wp-json\/wp\/v2\/categories?post=3123"},{"taxonomy":"post_tag","embeddable":true,"href":"https:\/\/baytutumlu.com\/index.php\/wp-json\/wp\/v2\/tags?post=3123"}],"curies":[{"name":"wp","href":"https:\/\/api.w.org\/{rel}","templated":true}]}}