{"id":3088,"date":"2025-03-02T20:24:07","date_gmt":"2025-03-02T17:24:07","guid":{"rendered":"https:\/\/baytutumlu.com\/?p=3088"},"modified":"2025-03-02T20:24:08","modified_gmt":"2025-03-02T17:24:08","slug":"subat-2025-sonu-portfoy-durumu","status":"publish","type":"post","link":"https:\/\/baytutumlu.com\/index.php\/2025\/03\/02\/subat-2025-sonu-portfoy-durumu\/","title":{"rendered":"\u015eubat 2025 Sonu Portf\u00f6y Durumu"},"content":{"rendered":"\n<p>Herkese selamlar. Bir ay\u0131n daha sonuna geldik. Finansal \u00f6zg\u00fcrl\u00fck i\u00e7in yat\u0131r\u0131ma ba\u015flayal\u0131 tam 80 ay, hedefime ula\u015fal\u0131 ise 17 ay olmu\u015f. \u015eubat ay\u0131 piyasalar a\u00e7\u0131s\u0131ndan olduk\u00e7a kaotik ge\u00e7ti. Global tarafta Trump&#8217;\u0131n \u00f6ng\u00f6r\u00fclemez politikalar\u0131n\u0131n h\u0131z kazand\u0131\u011f\u0131 bir ay olurken i\u00e7 piyasada ise enflasyon belirsizli\u011fi devam ediyor. \u00d6ncelikle ABD taraf\u0131yla ba\u015flayal\u0131m.<\/p>\n\n\n\n<p><strong>Global Piyasalar<\/strong><\/p>\n\n\n\n<p>Trump d\u00fcnya siyasetine twitter \u00fczerinden y\u00f6n vermeye devam ediyor. \u00d6nce Kanada ve Meksika&#8217;ya ek tarifeler uygulayaca\u011f\u0131n\u0131 a\u00e7\u0131klad\u0131, sonras\u0131nda ise bunlar\u0131 nisana kadar erteledi\u011fini duyurdu. \u015eimdi ise AB&#8217;ye %25 ek tarife gelecek diye yine sosyal medya \u00fczerinden bir a\u00e7\u0131klama yay\u0131nlad\u0131. Ne zaman gelecek, hangi \u00fcr\u00fcnlerde ge\u00e7erli olacak net bir\u015fey s\u00f6ylemek m\u00fcmk\u00fcn de\u011fil. Piyasalar da belirsizli\u011fi sevmedi\u011fi i\u00e7in \u015fubat ay\u0131nda SP500 %2 civar\u0131nda d\u00fc\u015ferek 5955 puana geriledi. <\/p>\n\n\n\n<p>Son haftalarda Rusya-Ukrayna sava\u015f\u0131nda ate\u015fkes ihtimalinin g\u00fc\u00e7lendi\u011fini izlemi\u015ftik. Zelensky&#8217;nin ABD&#8217;den eli bo\u015f ve biraz sansasyonel \u015fekilde d\u00f6nmesi ortal\u0131\u011f\u0131 yine kar\u0131\u015ft\u0131rd\u0131. Ben orta vadede buradaki gerilimin azalaca\u011f\u0131n\u0131 d\u00fc\u015f\u00fcn\u00fcyorum \u00e7\u00fcnk\u00fc Trump&#8217;\u0131n en b\u00fcy\u00fck vaatlerinden birisi sava\u015f\u0131 6 ay i\u00e7inde bitirme vaadiydi. Bunu ger\u00e7ekle\u015ftirmek i\u00e7in elinden geleni yapaca\u011f\u0131n\u0131 d\u00fc\u015f\u00fcn\u00fcyorum. Avrupa&#8217;da azalan gerginlikler ise hammadde fiyatlar\u0131n\u0131n(\u00f6zellikle do\u011falgaz, k\u00f6m\u00fcr ve petrol) d\u00fc\u015fmesine yol a\u00e7acakt\u0131r. <\/p>\n\n\n\n<p>Yurt i\u00e7inde ise ocak ay\u0131nda a\u00e7\u0131klanan y\u00fcksek enflasyon hane halk\u0131nda yine y\u0131l sonu enflasyon beklentilerinde bozulmaya neden oldu. \u015eubat ay\u0131nda %3&#8217;\u00fcn alt\u0131nda bir enflasyon bekleniyor. Bu, y\u0131ll\u0131k enflasyonu %40&#8217;\u0131n alt\u0131na indirebilir. Yukar\u0131da bahsetti\u011fim hammadde ve enerji fiyatlar\u0131n\u0131n d\u00fc\u015fmesi enflasyonu kontrol alt\u0131na almay\u0131 kolayla\u015ft\u0131racakt\u0131r. E\u011fer kritik bir hata yapmazsak y\u0131l sonunda enflasyonun %30 civar\u0131nda olu\u015fmas\u0131n\u0131 bekliyorum.<\/p>\n\n\n\n<p><strong>Ki\u015fisel Portf\u00f6y<\/strong><\/p>\n\n\n\n<p>\u015eubat ay\u0131nda hisse senedi portf\u00f6y\u00fcnde 2 \u00f6nemli de\u011fi\u015fim yapt\u0131m. Bunlar\u0131n sebeplerini twitter \u00fczerinden payla\u015fm\u0131\u015ft\u0131m, buraya da koymu\u015f olay\u0131m. Tofa\u015f Oto, Ege End\u00fcstri, Vestel Beyaz E\u015fya ve Parsan portf\u00f6yden \u00e7\u0131karken Reysa\u015f GYO ve Anadolu Sigorta giri\u015f yapt\u0131. uzun zaman sonra ilk defa bu kadar b\u00fcy\u00fck montanl\u0131 bir i\u015flem ger\u00e7ekle\u015ftirdim. Genellikle yava\u015f hareket etmeye ve portf\u00f6y d\u00f6n\u00fc\u015f\u00fcm oran\u0131n\u0131 d\u00fc\u015f\u00fck tutmaya \u00e7al\u0131\u015f\u0131yorum.<\/p>\n\n\n\n<figure class=\"wp-block-embed is-type-rich is-provider-twitter wp-block-embed-twitter\"><div class=\"wp-block-embed__wrapper\">\n<blockquote class=\"twitter-tweet\" data-width=\"500\" data-dnt=\"true\"><p lang=\"tr\" dir=\"ltr\">\u2705Yeni Yat\u0131r\u0131m\u0131m <a href=\"https:\/\/twitter.com\/hashtag\/RYGYO?src=hash&amp;ref_src=twsrc%5Etfw\">#RYGYO<\/a>\u2705<br>\u00d6ncelikle bu kadar kaliteli bir \u015firketi \u00e7ok ge\u00e7 ke\u015ffetmenin \u00fcz\u00fcnt\u00fcs\u00fcn\u00fc ya\u015f\u0131yorum. \u015eirket GYO sekt\u00f6r\u00fcnde depoculuk faaliyeti yapan tek halka a\u00e7\u0131k \u015firket olarak \u00f6ne \u00e7\u0131k\u0131yor. Bu a\u00e7\u0131dan di\u011fer GYO&#39;lardan ayr\u0131l\u0131yor.<br><br>\ud83c\udfafYat\u0131r\u0131m Teziyle Ba\u015flayal\u0131m<br><br>\u2705Reysas GYO,\u2026 <a href=\"https:\/\/t.co\/CnM053WMAI\">pic.twitter.com\/CnM053WMAI<\/a><\/p>&mdash; Bay Tutumlu (@BayTutumlu) <a href=\"https:\/\/twitter.com\/BayTutumlu\/status\/1894353530850357638?ref_src=twsrc%5Etfw\">February 25, 2025<\/a><\/blockquote><script async src=\"https:\/\/platform.twitter.com\/widgets.js\" charset=\"utf-8\"><\/script>\n<\/div><\/figure>\n\n\n\n<figure class=\"wp-block-embed is-type-rich is-provider-twitter wp-block-embed-twitter\"><div class=\"wp-block-embed__wrapper\">\n<blockquote class=\"twitter-tweet\" data-width=\"500\" data-dnt=\"true\"><p lang=\"tr\" dir=\"ltr\">Bug\u00fcn portf\u00f6ye yeni bir \u015firket ekledim. 2 \u015firketle de yollar ayr\u0131ld\u0131.<br>\u00d6ncelikle yeni  \u015firketle ba\u015flayal\u0131m. Sigorta sekt\u00f6r\u00fcnden <a href=\"https:\/\/twitter.com\/hashtag\/ANSGR?src=hash&amp;ref_src=twsrc%5Etfw\">#ANSGR<\/a>.<br>Al\u0131\u015f tezim \u015fu kriterlere dayan\u0131yor.<br>\u2705\u0130\u015f grubu b\u00fcnyesinde kurumsal y\u00f6netim.<br>\u2705\u015eirketin sekt\u00f6rdeki g\u00fc\u00e7l\u00fc yap\u0131s\u0131<br>\u2705D\u00fc\u015f\u00fck karl\u0131l\u0131kl\u0131 ara\u00e7\u2026 <a href=\"https:\/\/t.co\/tVhujfFkoI\">pic.twitter.com\/tVhujfFkoI<\/a><\/p>&mdash; Bay Tutumlu (@BayTutumlu) <a href=\"https:\/\/twitter.com\/BayTutumlu\/status\/1892269282647576913?ref_src=twsrc%5Etfw\">February 19, 2025<\/a><\/blockquote><script async src=\"https:\/\/platform.twitter.com\/widgets.js\" charset=\"utf-8\"><\/script>\n<\/div><\/figure>\n\n\n\n<p>G\u00fcncel portf\u00f6y durumu bu \u015fekildedir. Temett\u00fc tablosunda beyaz boyal\u0131 olanlar kesinle\u015fmemi\u015f temett\u00fclerdir. Ye\u015fil olanlar ise kesinle\u015fmi\u015f olanlar.<\/p>\n\n\n\n<figure class=\"wp-block-image size-full\"><img loading=\"lazy\" decoding=\"async\" width=\"938\" height=\"548\" src=\"https:\/\/i0.wp.com\/baytutumlu.com\/wp-content\/uploads\/2025\/03\/Ekran-Resmi-2025-03-02-20.08.55.png?resize=938%2C548&#038;ssl=1\" alt=\"\" class=\"wp-image-3089\" srcset=\"https:\/\/i0.wp.com\/baytutumlu.com\/wp-content\/uploads\/2025\/03\/Ekran-Resmi-2025-03-02-20.08.55.png?w=938&amp;ssl=1 938w, https:\/\/i0.wp.com\/baytutumlu.com\/wp-content\/uploads\/2025\/03\/Ekran-Resmi-2025-03-02-20.08.55.png?resize=300%2C175&amp;ssl=1 300w, https:\/\/i0.wp.com\/baytutumlu.com\/wp-content\/uploads\/2025\/03\/Ekran-Resmi-2025-03-02-20.08.55.png?resize=768%2C449&amp;ssl=1 768w\" sizes=\"auto, (max-width: 938px) 100vw, 938px\" data-recalc-dims=\"1\" \/><\/figure>\n\n\n\n<figure class=\"wp-block-image size-large\"><img loading=\"lazy\" decoding=\"async\" width=\"1024\" height=\"524\" src=\"https:\/\/i0.wp.com\/baytutumlu.com\/wp-content\/uploads\/2025\/03\/Ekran-Resmi-2025-03-02-20.08.04.png?resize=1024%2C524&#038;ssl=1\" alt=\"\" class=\"wp-image-3090\" srcset=\"https:\/\/i0.wp.com\/baytutumlu.com\/wp-content\/uploads\/2025\/03\/Ekran-Resmi-2025-03-02-20.08.04.png?resize=1024%2C524&amp;ssl=1 1024w, https:\/\/i0.wp.com\/baytutumlu.com\/wp-content\/uploads\/2025\/03\/Ekran-Resmi-2025-03-02-20.08.04.png?resize=300%2C154&amp;ssl=1 300w, https:\/\/i0.wp.com\/baytutumlu.com\/wp-content\/uploads\/2025\/03\/Ekran-Resmi-2025-03-02-20.08.04.png?resize=768%2C393&amp;ssl=1 768w, https:\/\/i0.wp.com\/baytutumlu.com\/wp-content\/uploads\/2025\/03\/Ekran-Resmi-2025-03-02-20.08.04.png?w=1324&amp;ssl=1 1324w\" sizes=\"auto, (max-width: 1000px) 100vw, 1000px\" data-recalc-dims=\"1\" \/><\/figure>\n\n\n\n<p>Eurobond taraf\u0131nda bu ekleme yapmad\u0131m. Toplamda 265 $ kupon geliri elde ettim. Bu gelirleri ise k\u0131z\u0131ma midas \u00fczerinden hesap a\u00e7\u0131p etf al\u0131m\u0131nda kulland\u0131m. Bunun detaylar\u0131n\u0131 belki twitter \u00fczerinden payla\u015f\u0131r\u0131m. \u00c7ok rahat bir \u015fekilde 18 ya\u015f\u0131ndan k\u00fc\u00e7\u00fck \u00e7ocu\u011funuz \u00fczerinden hesap a\u00e7\u0131p kendinizi vasi olarak tan\u0131mlatabiliyorsunuz. Midas bu i\u015fleri olduk\u00e7a kolay hale getirmi\u015f. Mart ay\u0131nda da 950 dolar civar\u0131nda bir kupon geliri bekliyorum. Bu gelirleri d\u00fczenli olarak k\u0131z\u0131m\u0131n hesab\u0131na aktarmaya devam edece\u011fim.<\/p>\n\n\n\n<figure class=\"wp-block-image size-large\"><img loading=\"lazy\" decoding=\"async\" width=\"1024\" height=\"404\" src=\"https:\/\/i0.wp.com\/baytutumlu.com\/wp-content\/uploads\/2025\/03\/Ekran-Resmi-2025-03-02-20.14.21.png?resize=1024%2C404&#038;ssl=1\" alt=\"\" class=\"wp-image-3091\" srcset=\"https:\/\/i0.wp.com\/baytutumlu.com\/wp-content\/uploads\/2025\/03\/Ekran-Resmi-2025-03-02-20.14.21.png?resize=1024%2C404&amp;ssl=1 1024w, https:\/\/i0.wp.com\/baytutumlu.com\/wp-content\/uploads\/2025\/03\/Ekran-Resmi-2025-03-02-20.14.21.png?resize=300%2C118&amp;ssl=1 300w, https:\/\/i0.wp.com\/baytutumlu.com\/wp-content\/uploads\/2025\/03\/Ekran-Resmi-2025-03-02-20.14.21.png?resize=768%2C303&amp;ssl=1 768w, https:\/\/i0.wp.com\/baytutumlu.com\/wp-content\/uploads\/2025\/03\/Ekran-Resmi-2025-03-02-20.14.21.png?resize=1536%2C606&amp;ssl=1 1536w, https:\/\/i0.wp.com\/baytutumlu.com\/wp-content\/uploads\/2025\/03\/Ekran-Resmi-2025-03-02-20.14.21.png?w=1612&amp;ssl=1 1612w\" sizes=\"auto, (max-width: 1000px) 100vw, 1000px\" data-recalc-dims=\"1\" \/><\/figure>\n\n\n\n<p>ABD taraf\u0131nda yukar\u0131da belirtti\u011fim i\u015flem d\u0131\u015f\u0131nda bir al\u0131m yapmad\u0131m. Mart ay\u0131nda muhtemelen ilk \u00e7eyrek temett\u00fcleri belli olmaya ba\u015flar. Buradaki pozisyonlar\u0131m \u00e7ok uzun vadeli oldu\u011fu i\u00e7in dokunmay\u0131 d\u00fc\u015f\u00fcnm\u00fcyorum.<\/p>\n\n\n\n<figure class=\"wp-block-image size-full\"><img loading=\"lazy\" decoding=\"async\" width=\"978\" height=\"348\" src=\"https:\/\/i0.wp.com\/baytutumlu.com\/wp-content\/uploads\/2025\/03\/Ekran-Resmi-2025-03-02-20.17.37.png?resize=978%2C348&#038;ssl=1\" alt=\"\" class=\"wp-image-3092\" srcset=\"https:\/\/i0.wp.com\/baytutumlu.com\/wp-content\/uploads\/2025\/03\/Ekran-Resmi-2025-03-02-20.17.37.png?w=978&amp;ssl=1 978w, https:\/\/i0.wp.com\/baytutumlu.com\/wp-content\/uploads\/2025\/03\/Ekran-Resmi-2025-03-02-20.17.37.png?resize=300%2C107&amp;ssl=1 300w, https:\/\/i0.wp.com\/baytutumlu.com\/wp-content\/uploads\/2025\/03\/Ekran-Resmi-2025-03-02-20.17.37.png?resize=768%2C273&amp;ssl=1 768w\" sizes=\"auto, (max-width: 978px) 100vw, 978px\" data-recalc-dims=\"1\" \/><\/figure>\n\n\n\n<p>Toparlayacak olursam,<\/p>\n\n\n\n<p>BIST100\u2019\u00fcn %3.46 de\u011fer kaybetti\u011fi aral\u0131k ay\u0131nda toplam portf\u00f6y\u00fcm TL baz\u0131nda %1.06, usd baz\u0131nda ise %2.61 de\u011fer kaybetti. Umar\u0131m 2025 t\u00fcm finansal \u00f6zg\u00fcrl\u00fck yolcular\u0131 i\u00e7in bol kazan\u00e7l\u0131 ve bereketli bir y\u0131l olur.<\/p>\n\n\n\n<p>Okudu\u011funuz i\u00e7in te\u015fekk\u00fcr ederim.<\/p>\n\n\n\n<p>Bay Tutumlu<\/p>\n","protected":false},"excerpt":{"rendered":"<p>Herkese selamlar. Bir ay\u0131n daha sonuna geldik. Finansal \u00f6zg\u00fcrl\u00fck i\u00e7in yat\u0131r\u0131ma ba\u015flayal\u0131 tam 80 ay, hedefime ula\u015fal\u0131 ise 17 ay olmu\u015f. \u015eubat ay\u0131 piyasalar a\u00e7\u0131s\u0131ndan&#8230;<\/p>\n","protected":false},"author":2,"featured_media":3093,"comment_status":"open","ping_status":"open","sticky":false,"template":"","format":"standard","meta":{"_monsterinsights_skip_tracking":false,"_monsterinsights_sitenote_active":false,"_monsterinsights_sitenote_note":"","_monsterinsights_sitenote_category":0,"advanced_seo_description":"","jetpack_seo_html_title":"","jetpack_seo_noindex":false,"jetpack_post_was_ever_published":false,"_jetpack_newsletter_access":"","_jetpack_dont_email_post_to_subs":false,"_jetpack_newsletter_tier_id":0,"_jetpack_memberships_contains_paywalled_content":false,"_jetpack_memberships_contains_paid_content":false,"footnotes":"","jetpack_publicize_message":"","jetpack_publicize_feature_enabled":true,"jetpack_social_post_already_shared":true,"jetpack_social_options":{"image_generator_settings":{"template":"highway","enabled":false}}},"categories":[34],"tags":[24,25,26,23],"class_list":["post-3088","post","type-post","status-publish","format-standard","has-post-thumbnail","hentry","category-portfoy","tag-finansal-ozgurluk","tag-fire","tag-hisse-senedi","tag-yatirim","entry","double"],"jetpack_publicize_connections":[],"jetpack_featured_media_url":"https:\/\/i0.wp.com\/baytutumlu.com\/wp-content\/uploads\/2025\/03\/Ekran-Resmi-2025-03-02-20.23.35.png?fit=1422%2C832&ssl=1","jetpack-related-posts":[],"jetpack_sharing_enabled":true,"jetpack_likes_enabled":true,"_links":{"self":[{"href":"https:\/\/baytutumlu.com\/index.php\/wp-json\/wp\/v2\/posts\/3088","targetHints":{"allow":["GET"]}}],"collection":[{"href":"https:\/\/baytutumlu.com\/index.php\/wp-json\/wp\/v2\/posts"}],"about":[{"href":"https:\/\/baytutumlu.com\/index.php\/wp-json\/wp\/v2\/types\/post"}],"author":[{"embeddable":true,"href":"https:\/\/baytutumlu.com\/index.php\/wp-json\/wp\/v2\/users\/2"}],"replies":[{"embeddable":true,"href":"https:\/\/baytutumlu.com\/index.php\/wp-json\/wp\/v2\/comments?post=3088"}],"version-history":[{"count":1,"href":"https:\/\/baytutumlu.com\/index.php\/wp-json\/wp\/v2\/posts\/3088\/revisions"}],"predecessor-version":[{"id":3094,"href":"https:\/\/baytutumlu.com\/index.php\/wp-json\/wp\/v2\/posts\/3088\/revisions\/3094"}],"wp:featuredmedia":[{"embeddable":true,"href":"https:\/\/baytutumlu.com\/index.php\/wp-json\/wp\/v2\/media\/3093"}],"wp:attachment":[{"href":"https:\/\/baytutumlu.com\/index.php\/wp-json\/wp\/v2\/media?parent=3088"}],"wp:term":[{"taxonomy":"category","embeddable":true,"href":"https:\/\/baytutumlu.com\/index.php\/wp-json\/wp\/v2\/categories?post=3088"},{"taxonomy":"post_tag","embeddable":true,"href":"https:\/\/baytutumlu.com\/index.php\/wp-json\/wp\/v2\/tags?post=3088"}],"curies":[{"name":"wp","href":"https:\/\/api.w.org\/{rel}","templated":true}]}}